{"id":946,"date":"2024-09-11T15:04:13","date_gmt":"2024-09-11T13:04:13","guid":{"rendered":"https:\/\/www.secretvillage.it\/blog\/?p=946"},"modified":"2024-11-05T14:41:16","modified_gmt":"2024-11-05T13:41:16","slug":"festa-dell-uva-di-riccia","status":"publish","type":"post","link":"https:\/\/www.secretvillage.it\/blog\/diario-di-viaggio\/festa-dell-uva-di-riccia\/","title":{"rendered":"Festa dell&#8217;Uva di Riccia, tra storia e tradizione"},"content":{"rendered":"\n<p><strong>Festa dell\u2019Uva di Riccia, tra storia e tradizione<\/strong>. La seconda domenica di settembre rappresenta un appuntamento che, tanto in <strong><a href=\"https:\/\/www.secretvillage.it\/regioni\/molise\" target=\"_blank\" rel=\"noreferrer noopener\">Molise<\/a><\/strong> quanto nelle regioni confinanti, ha una risonanza tale da rendere la <strong><a href=\"https:\/\/www.secretvillage.it\/segreti\/festa-delluva-di-riccia\" target=\"_blank\" rel=\"noreferrer noopener\">Festa dell\u2019Uva di Riccia<\/a><\/strong> un evento di primo piano. L\u2019impegno profuso nell\u2019organizzare ogni anno \u2013 e si \u00e8 giunti gi\u00e0 al novantaduesimo anno \u2013 uno spettacolo sempre pi\u00f9 coinvolgente, \u00e8 ripagato da un\u2019affluenza che puntualmente fa registrare risultati lusinghieri.<\/p>\n\n\n\n<h2 class=\"wp-block-heading\" id=\"h-festa-dell-uva-di-riccia\">Festa dell&#8217;Uva di Riccia<\/h2>\n\n\n\n<p>La <strong>Festa dell\u2019Uva di Riccia<\/strong> ha origine durante la prima met\u00e0 del Novecento, la sua <strong>prima edizione<\/strong> risale al 1932 e da allora ha conosciuto alti e bassi, tornando negli ultimi decenni alla ribalta sull\u2019onda della riscoperta della tradizione popolare. Il 1930 fu l\u2019anno in cui, su impulso dell\u2019allora Presidente del Consiglio dei Ministri del Regno d\u2019Italia, Benito Mussolini, venne istituita la <strong>Giornata dell\u2019Uva<\/strong>.<\/p>\n\n\n\n<p>Il contesto storico vedeva una forte flessione dell\u2019interesse produttivo nel settore vitivinicolo, dettato dalla produzione, di uva da tavola e da vino, sovrabbondante rispetto ai consumi. La politica fascista, dichiaratamente contraria all\u2019assunzione di bevande alcoliche, non era che un tassello che componeva la difficile condizione del settore.<\/p>\n\n\n\n<h3 class=\"wp-block-heading\" id=\"h-la-giornata-dell-uva\">La Giornata dell&#8217;Uva<\/h3>\n\n\n\n<p>La Giornata dell\u2019Uva, presto rinominata <strong>Festa dell\u2019Uva<\/strong>, aveva come scopo quello di ridare slancio al consumo del frutto e del vino. Nonostante di base il Partito Nazionale Fascista fosse contrario agli alcolici, la produzione vinicola era (ed \u00e8) una componente rilevante sul piano economico; si dovette, dunque, cercare una soluzione di mezzo.<br>Il vino, quindi, fu indicato come bevanda che poteva costituire un buon ausilio per il progresso della razza. La produzione e la commercializzazione, specie all\u2019estero, venne incentivata per il tramite di agevolazioni fiscali.<\/p>\n\n\n\n<h2 class=\"wp-block-heading\" id=\"h-festa-e-tradizione\">Festa e tradizione<\/h2>\n\n\n\n<p>La <strong>Festa dell\u2019Uva<\/strong>, essendone prevista l\u2019organizzazione nei principali centri, specie con produzione locale d\u2019uva, conobbe una capillare espansione ed un\u2019apprezzabile partecipazione. A <strong><a href=\"https:\/\/www.secretvillage.it\/comuni\/riccia\" target=\"_blank\" rel=\"noreferrer noopener\">Riccia<\/a><\/strong>, il festeggiamento prosegue sino alle avvisaglie del secondo conflitto mondiale, che ne stoppa l\u2019organizzazione.<br>Superato un momento di appannamento durante <strong>la ricostruzione nel dopoguerra<\/strong>, la Festa dell\u2019Uva di Riccia torna a vestirsi di positivit\u00e0 e a rendersi un <strong>appuntamento imperdibile<\/strong>. A partire dagli anni Sessanta dello scorso secolo, il <strong>fascino dei carri<\/strong> cresce e le realizzazioni si fanno pi\u00f9 accurate. Gli acini d\u2019uva diventano visivamente protagonisti, ricoprendo porzioni dei carri, che nel tempo acquisiscono movimenti e che sempre pi\u00f9 rispecchiano la tradizione, pur con <strong>sguardo rivolto al futuro<\/strong>.<\/p>\n\n\n\n<h2 class=\"wp-block-heading\" id=\"h-festa-dell-uva-di-riccia-tra-storia-e-tradizione-novantaduesima-edizione\">Festa dell&#8217;Uva di Riccia, tra storia e tradizione &#8211; Novantaduesima edizione<\/h2>\n\n\n\n<p>2024. Il novantaduesimo anno della <strong><a href=\"https:\/\/www.secretvillage.it\/segreti\/festa-delluva-di-riccia\" target=\"_blank\" rel=\"noreferrer noopener\">Festa dell\u2019Uva di Riccia<\/a><\/strong> \u00e8 ancor oggi parte della storia del <a href=\"https:\/\/www.secretvillage.it\/regioni\/molise\" target=\"_blank\" rel=\"noreferrer noopener\">paese molisano<\/a> e le genti giungono dai borghi della <a href=\"https:\/\/www.secretvillage.it\/regioni\/molise\">regione<\/a> e di quelle prossime, creando un\u2019atmosfera accogliente e vitale. Le vivaci scorribande dei gruppi danzanti, abbigliati con abiti tipici, stimola un felice moto a ritmo, colorando le vie del corso dei carri.<br>I tempi odierni portano una <strong>ventata di modernit\u00e0<\/strong>, cos\u00ec i carri stessi si fanno pi\u00f9 sofisticati, ma senza perdere quel gusto (e mai parola potrebbe essere pi\u00f9 calzante) tradizionale che rende <strong>speciale<\/strong> la Festa dell\u2019Uva di Riccia.<\/p>\n\n\n\n<p>Giovani e adulti si esibiscono in <strong>canzoni della tradizione<\/strong>, melodie eseguite con strumenti popolari e strofe che <strong>inneggiano al divertimento<\/strong> cantate in vernacolo. I vicoli si colorano, al passaggio dei carri vengono distribuiti vino e delizie del luogo, mentre negli stand \u00e8 possibile pranzare in attesa della sfilata. <strong>Musica e folklore <\/strong>donano svago e serenit\u00e0, le diverse generazioni si incontrano per portare avanti una tradizione permeata di valori autentici e di semplicit\u00e0, realizzando i carri e sfilando con abiti del passato, rendendo unica la <strong>Festa dell\u2019Uva di Riccia<\/strong>.<\/p>\n\n\n\n<p><a href=\"https:\/\/www.festadelluvadiriccia.it\/site\/\" target=\"_blank\" rel=\"noreferrer noopener nofollow\">Sito ufficiale<\/a> della Festa dell&#8217;Uva di Riccia<br><a href=\"https:\/\/www.festadelluvadiriccia.it\/site\/origini.html\" target=\"_blank\" rel=\"noreferrer noopener nofollow\">Un po&#8217; di storia<\/a> raccontata direttamente da loro<\/p>\n\n\n\n<p>Visita il <a href=\"https:\/\/www.micheledimaurofotografia.it\/\" target=\"_blank\" rel=\"noreferrer noopener nofollow\">sito dell&#8217;autore<\/a><\/p>\n\n\n<style>.uid-8d4f774f1f0b57c2  .gt3pg-isotope-item {\n\tpadding-right: 20px;\n\tpadding-bottom: 20px;\n}\n.uid-8d4f774f1f0b57c2  .gallery-isotope-wrapper {\n\tmargin-right: -20px;\n\tmargin-bottom: -20px;\n}\n<\/style><div id=\"uid-8d4f774f1f0b57c2\" data-gt3pg-block=\"grid\" data-index=\"1\" class=\"gt3-photo-gallery-pro--isotope_gallery uid-8d4f774f1f0b57c2 gt3pg-pro--wrapper gt3pg-pro--grid \">\t\t<div data-cols=\"2\" data-cols-tablet=\"2\" data-cols-mobile=\"2\" class=\"gt3pg-isotope-gallery columns-2 hover-default gallery-grid  corner-standard rectangle-16x9\" data-settings=\"{&quot;id&quot;:1,&quot;uid&quot;:&quot;uid-8d4f774f1f0b57c2&quot;,&quot;grid_type&quot;:&quot;rectangle-16x9&quot;,&quot;modules&quot;:[&quot;Lightbox&quot;],&quot;lightboxArray&quot;:[{&quot;href&quot;:&quot;https:\\\/\\\/www.secretvillage.it\\\/blog\\\/wp-content\\\/uploads\\\/2024\\\/09\\\/festa-dell-uva-di-riccia-danze-balli-folklore-michele-di-mauro-fotografia.jpg&quot;,&quot;title&quot;:&quot;Festa dell&#039;Uva di Riccia - foto: Michele Di Mauro&quot;,&quot;thumbnail&quot;:&quot;https:\\\/\\\/www.secretvillage.it\\\/blog\\\/wp-content\\\/uploads\\\/2024\\\/09\\\/festa-dell-uva-di-riccia-danze-balli-folklore-michele-di-mauro-fotografia-150x150.jpg&quot;,&quot;description&quot;:&quot;Festa dell&#039;Uva di Riccia - foto: Michele Di Mauro&quot;,&quot;is_video&quot;:0,&quot;image_id&quot;:956,&quot;width&quot;:1600,&quot;height&quot;:1067},{&quot;href&quot;:&quot;https:\\\/\\\/www.secretvillage.it\\\/blog\\\/wp-content\\\/uploads\\\/2024\\\/09\\\/festa-dell-uva-di-riccia-molise-campobasso-micheledimauro-fotografia-secret-village.jpg&quot;,&quot;title&quot;:&quot;Festa dell&#039;Uva di Riccia - foto: Michele Di Mauro&quot;,&quot;thumbnail&quot;:&quot;https:\\\/\\\/www.secretvillage.it\\\/blog\\\/wp-content\\\/uploads\\\/2024\\\/09\\\/festa-dell-uva-di-riccia-molise-campobasso-micheledimauro-fotografia-secret-village-150x150.jpg&quot;,&quot;description&quot;:&quot;Festa dell&#039;Uva di Riccia - foto: Michele Di Mauro&quot;,&quot;is_video&quot;:0,&quot;image_id&quot;:958,&quot;width&quot;:1600,&quot;height&quot;:1067},{&quot;href&quot;:&quot;https:\\\/\\\/www.secretvillage.it\\\/blog\\\/wp-content\\\/uploads\\\/2024\\\/09\\\/festa-dell-uva-di-riccia-tra-storia-e-tradizione-michele-di-mauro-fotografia-secret-village.jpg&quot;,&quot;title&quot;:&quot;Festa dell&#039;Uva di Riccia - foto: Michele Di Mauro&quot;,&quot;thumbnail&quot;:&quot;https:\\\/\\\/www.secretvillage.it\\\/blog\\\/wp-content\\\/uploads\\\/2024\\\/09\\\/festa-dell-uva-di-riccia-tra-storia-e-tradizione-michele-di-mauro-fotografia-secret-village-150x150.jpg&quot;,&quot;description&quot;:&quot;Festa dell&#039;Uva di Riccia - foto: Michele Di Mauro&quot;,&quot;is_video&quot;:0,&quot;image_id&quot;:957,&quot;width&quot;:1600,&quot;height&quot;:1067},{&quot;href&quot;:&quot;https:\\\/\\\/www.secretvillage.it\\\/blog\\\/wp-content\\\/uploads\\\/2024\\\/09\\\/danze-balli-festa-dell-uva-riccia-michele-di-mauro-secret-village.jpg&quot;,&quot;title&quot;:&quot;Festa dell&#039;Uva di Riccia - foto: Michele Di Mauro&quot;,&quot;thumbnail&quot;:&quot;https:\\\/\\\/www.secretvillage.it\\\/blog\\\/wp-content\\\/uploads\\\/2024\\\/09\\\/danze-balli-festa-dell-uva-riccia-michele-di-mauro-secret-village-150x150.jpg&quot;,&quot;description&quot;:&quot;Festa dell&#039;Uva di Riccia - foto: Michele Di Mauro&quot;,&quot;is_video&quot;:0,&quot;image_id&quot;:955,&quot;width&quot;:1600,&quot;height&quot;:1067}],&quot;lightbox&quot;:{&quot;enable&quot;:true,&quot;options&quot;:{&quot;instance&quot;:1}},&quot;items&quot;:[{&quot;href&quot;:&quot;https:\\\/\\\/www.secretvillage.it\\\/blog\\\/wp-content\\\/uploads\\\/2024\\\/09\\\/festa-dell-uva-di-riccia-danze-balli-folklore-michele-di-mauro-fotografia.jpg&quot;,&quot;title&quot;:&quot;Festa dell&#039;Uva di Riccia - foto: Michele Di Mauro&quot;,&quot;thumbnail&quot;:&quot;https:\\\/\\\/www.secretvillage.it\\\/blog\\\/wp-content\\\/uploads\\\/2024\\\/09\\\/festa-dell-uva-di-riccia-danze-balli-folklore-michele-di-mauro-fotografia-150x150.jpg&quot;,&quot;description&quot;:&quot;Festa dell&#039;Uva di Riccia - foto: Michele Di Mauro&quot;,&quot;is_video&quot;:0,&quot;image_id&quot;:956,&quot;width&quot;:1600,&quot;height&quot;:1067},{&quot;href&quot;:&quot;https:\\\/\\\/www.secretvillage.it\\\/blog\\\/wp-content\\\/uploads\\\/2024\\\/09\\\/festa-dell-uva-di-riccia-molise-campobasso-micheledimauro-fotografia-secret-village.jpg&quot;,&quot;title&quot;:&quot;Festa dell&#039;Uva di Riccia - foto: Michele Di Mauro&quot;,&quot;thumbnail&quot;:&quot;https:\\\/\\\/www.secretvillage.it\\\/blog\\\/wp-content\\\/uploads\\\/2024\\\/09\\\/festa-dell-uva-di-riccia-molise-campobasso-micheledimauro-fotografia-secret-village-150x150.jpg&quot;,&quot;description&quot;:&quot;Festa dell&#039;Uva di Riccia - foto: Michele Di Mauro&quot;,&quot;is_video&quot;:0,&quot;image_id&quot;:958,&quot;width&quot;:1600,&quot;height&quot;:1067},{&quot;href&quot;:&quot;https:\\\/\\\/www.secretvillage.it\\\/blog\\\/wp-content\\\/uploads\\\/2024\\\/09\\\/festa-dell-uva-di-riccia-tra-storia-e-tradizione-michele-di-mauro-fotografia-secret-village.jpg&quot;,&quot;title&quot;:&quot;Festa dell&#039;Uva di Riccia - foto: Michele Di Mauro&quot;,&quot;thumbnail&quot;:&quot;https:\\\/\\\/www.secretvillage.it\\\/blog\\\/wp-content\\\/uploads\\\/2024\\\/09\\\/festa-dell-uva-di-riccia-tra-storia-e-tradizione-michele-di-mauro-fotografia-secret-village-150x150.jpg&quot;,&quot;description&quot;:&quot;Festa dell&#039;Uva di Riccia - foto: Michele Di Mauro&quot;,&quot;is_video&quot;:0,&quot;image_id&quot;:957,&quot;width&quot;:1600,&quot;height&quot;:1067},{&quot;href&quot;:&quot;https:\\\/\\\/www.secretvillage.it\\\/blog\\\/wp-content\\\/uploads\\\/2024\\\/09\\\/danze-balli-festa-dell-uva-riccia-michele-di-mauro-secret-village.jpg&quot;,&quot;title&quot;:&quot;Festa dell&#039;Uva di Riccia - foto: Michele Di Mauro&quot;,&quot;thumbnail&quot;:&quot;https:\\\/\\\/www.secretvillage.it\\\/blog\\\/wp-content\\\/uploads\\\/2024\\\/09\\\/danze-balli-festa-dell-uva-riccia-michele-di-mauro-secret-village-150x150.jpg&quot;,&quot;description&quot;:&quot;Festa dell&#039;Uva di Riccia - foto: Michele Di Mauro&quot;,&quot;is_video&quot;:0,&quot;image_id&quot;:955,&quot;width&quot;:1600,&quot;height&quot;:1067}]}\">\r\n\t\t\t<div class=\"gallery-isotope-wrapper\">\r\n\t\t\t\t<div class=\"gt3pg-isotope-item loading \" ><div class=\"isotope_item-wrapper\"><a href=\"https:\/\/www.secretvillage.it\/blog\/wp-content\/uploads\/2024\/09\/festa-dell-uva-di-riccia-danze-balli-folklore-michele-di-mauro-fotografia-768x512.jpg\" class=\"gt3pg-lightbox\" data-elementor-open-lightbox=\"no\"><div class=\"img-wrapper has_text_info\"><img fetchpriority=\"high\" decoding=\"async\" width=\"768\" height=\"512\" src=\"https:\/\/www.secretvillage.it\/blog\/wp-content\/uploads\/2024\/09\/festa-dell-uva-di-riccia-danze-balli-folklore-michele-di-mauro-fotografia-768x512.jpg\" class=\"skip-lazy gt3-lazy-image\" alt=\"Festa dell&#039;Uva di Riccia - foto: Michele Di Mauro\" data-lazy-srcset=\"https:\/\/www.secretvillage.it\/blog\/wp-content\/uploads\/2024\/09\/festa-dell-uva-di-riccia-danze-balli-folklore-michele-di-mauro-fotografia-768x512.jpg 768w, https:\/\/www.secretvillage.it\/blog\/wp-content\/uploads\/2024\/09\/festa-dell-uva-di-riccia-danze-balli-folklore-michele-di-mauro-fotografia-300x200.jpg 300w\" data-lazy-sizes=\"(max-width: 768px) 100vw, 768px\" data-lazy-src=\"https:\/\/www.secretvillage.it\/blog\/wp-content\/uploads\/2024\/09\/festa-dell-uva-di-riccia-danze-balli-folklore-michele-di-mauro-fotografia-768x512.jpg?is-pending-load=1\" srcset=\"data:image\/png;base64,iVBORw0KGgoAAAANSUhEUgAAAE0AAAAzCAYAAADSIYUBAAAACXBIWXMAAA7EAAAOxAGVKw4bAAAAJklEQVRo3u3BgQAAAADDoPlTX+AIVQEAAAAAAAAAAAAAAAAAAHAMPY8AAQeL\/AcAAAAASUVORK5CYII=\" \/><\/div><\/a><\/div><div class=\"text_info_wrapper\"><div class=\"text_wrap_caption\"><span class=\"caption\">Festa dell&#039;Uva di Riccia &#8211; foto: Michele Di Mauro<\/span><\/div><\/div><\/div><div class=\"gt3pg-isotope-item loading \" ><div class=\"isotope_item-wrapper\"><a href=\"https:\/\/www.secretvillage.it\/blog\/wp-content\/uploads\/2024\/09\/festa-dell-uva-di-riccia-molise-campobasso-micheledimauro-fotografia-secret-village-768x512.jpg\" class=\"gt3pg-lightbox\" data-elementor-open-lightbox=\"no\"><div class=\"img-wrapper has_text_info\"><img decoding=\"async\" width=\"768\" height=\"512\" src=\"https:\/\/www.secretvillage.it\/blog\/wp-content\/uploads\/2024\/09\/festa-dell-uva-di-riccia-molise-campobasso-micheledimauro-fotografia-secret-village-768x512.jpg\" class=\"skip-lazy gt3-lazy-image\" alt=\"Festa dell&#039;Uva di Riccia - foto: Michele Di Mauro\" data-lazy-srcset=\"https:\/\/www.secretvillage.it\/blog\/wp-content\/uploads\/2024\/09\/festa-dell-uva-di-riccia-molise-campobasso-micheledimauro-fotografia-secret-village-768x512.jpg 768w, https:\/\/www.secretvillage.it\/blog\/wp-content\/uploads\/2024\/09\/festa-dell-uva-di-riccia-molise-campobasso-micheledimauro-fotografia-secret-village-300x200.jpg 300w\" data-lazy-sizes=\"(max-width: 768px) 100vw, 768px\" data-lazy-src=\"https:\/\/www.secretvillage.it\/blog\/wp-content\/uploads\/2024\/09\/festa-dell-uva-di-riccia-molise-campobasso-micheledimauro-fotografia-secret-village-768x512.jpg?is-pending-load=1\" srcset=\"data:image\/png;base64,iVBORw0KGgoAAAANSUhEUgAAAE0AAAAzCAYAAADSIYUBAAAACXBIWXMAAA7EAAAOxAGVKw4bAAAAJklEQVRo3u3BgQAAAADDoPlTX+AIVQEAAAAAAAAAAAAAAAAAAHAMPY8AAQeL\/AcAAAAASUVORK5CYII=\" \/><\/div><\/a><\/div><div class=\"text_info_wrapper\"><div class=\"text_wrap_caption\"><span class=\"caption\">Festa dell&#039;Uva di Riccia &#8211; foto: Michele Di Mauro<\/span><\/div><\/div><\/div><div class=\"gt3pg-isotope-item loading \" ><div class=\"isotope_item-wrapper\"><a href=\"https:\/\/www.secretvillage.it\/blog\/wp-content\/uploads\/2024\/09\/festa-dell-uva-di-riccia-tra-storia-e-tradizione-michele-di-mauro-fotografia-secret-village-768x512.jpg\" class=\"gt3pg-lightbox\" data-elementor-open-lightbox=\"no\"><div class=\"img-wrapper has_text_info\"><img decoding=\"async\" width=\"768\" height=\"512\" src=\"https:\/\/www.secretvillage.it\/blog\/wp-content\/uploads\/2024\/09\/festa-dell-uva-di-riccia-tra-storia-e-tradizione-michele-di-mauro-fotografia-secret-village-768x512.jpg\" class=\"skip-lazy gt3-lazy-image\" alt=\"Festa dell&#039;Uva di Riccia - foto: Michele Di Mauro\" data-lazy-srcset=\"https:\/\/www.secretvillage.it\/blog\/wp-content\/uploads\/2024\/09\/festa-dell-uva-di-riccia-tra-storia-e-tradizione-michele-di-mauro-fotografia-secret-village-768x512.jpg 768w, https:\/\/www.secretvillage.it\/blog\/wp-content\/uploads\/2024\/09\/festa-dell-uva-di-riccia-tra-storia-e-tradizione-michele-di-mauro-fotografia-secret-village-300x200.jpg 300w\" data-lazy-sizes=\"(max-width: 768px) 100vw, 768px\" data-lazy-src=\"https:\/\/www.secretvillage.it\/blog\/wp-content\/uploads\/2024\/09\/festa-dell-uva-di-riccia-tra-storia-e-tradizione-michele-di-mauro-fotografia-secret-village-768x512.jpg?is-pending-load=1\" srcset=\"data:image\/png;base64,iVBORw0KGgoAAAANSUhEUgAAAE0AAAAzCAYAAADSIYUBAAAACXBIWXMAAA7EAAAOxAGVKw4bAAAAJklEQVRo3u3BgQAAAADDoPlTX+AIVQEAAAAAAAAAAAAAAAAAAHAMPY8AAQeL\/AcAAAAASUVORK5CYII=\" \/><\/div><\/a><\/div><div class=\"text_info_wrapper\"><div class=\"text_wrap_caption\"><span class=\"caption\">Festa dell&#039;Uva di Riccia &#8211; foto: Michele Di Mauro<\/span><\/div><\/div><\/div><div class=\"gt3pg-isotope-item loading \" ><div class=\"isotope_item-wrapper\"><a href=\"https:\/\/www.secretvillage.it\/blog\/wp-content\/uploads\/2024\/09\/danze-balli-festa-dell-uva-riccia-michele-di-mauro-secret-village-768x512.jpg\" class=\"gt3pg-lightbox\" data-elementor-open-lightbox=\"no\"><div class=\"img-wrapper has_text_info\"><img loading=\"lazy\" decoding=\"async\" width=\"768\" height=\"512\" src=\"https:\/\/www.secretvillage.it\/blog\/wp-content\/uploads\/2024\/09\/danze-balli-festa-dell-uva-riccia-michele-di-mauro-secret-village-768x512.jpg\" class=\"skip-lazy gt3-lazy-image\" alt=\"Festa dell&#039;Uva di Riccia - foto: Michele Di Mauro\" data-lazy-srcset=\"https:\/\/www.secretvillage.it\/blog\/wp-content\/uploads\/2024\/09\/danze-balli-festa-dell-uva-riccia-michele-di-mauro-secret-village-768x512.jpg 768w, https:\/\/www.secretvillage.it\/blog\/wp-content\/uploads\/2024\/09\/danze-balli-festa-dell-uva-riccia-michele-di-mauro-secret-village-300x200.jpg 300w\" data-lazy-sizes=\"(max-width: 768px) 100vw, 768px\" data-lazy-src=\"https:\/\/www.secretvillage.it\/blog\/wp-content\/uploads\/2024\/09\/danze-balli-festa-dell-uva-riccia-michele-di-mauro-secret-village-768x512.jpg?is-pending-load=1\" srcset=\"data:image\/png;base64,iVBORw0KGgoAAAANSUhEUgAAAE0AAAAzCAYAAADSIYUBAAAACXBIWXMAAA7EAAAOxAGVKw4bAAAAJklEQVRo3u3BgQAAAADDoPlTX+AIVQEAAAAAAAAAAAAAAAAAAHAMPY8AAQeL\/AcAAAAASUVORK5CYII=\" \/><\/div><\/a><\/div><div class=\"text_info_wrapper\"><div class=\"text_wrap_caption\"><span class=\"caption\">Festa dell&#039;Uva di Riccia &#8211; foto: Michele Di Mauro<\/span><\/div><\/div><\/div>\t\t\t<\/div>\r\n\t\t<\/div>\r\n\t\t<script type=\"application\/json\" id=\"settings--uid-8d4f774f1f0b57c2\">{\"id\":1,\"uid\":\"uid-8d4f774f1f0b57c2\",\"grid_type\":\"rectangle-16x9\",\"modules\":[\"Lightbox\"],\"lightboxArray\":[{\"href\":\"https:\\\/\\\/www.secretvillage.it\\\/blog\\\/wp-content\\\/uploads\\\/2024\\\/09\\\/festa-dell-uva-di-riccia-danze-balli-folklore-michele-di-mauro-fotografia.jpg\",\"title\":\"Festa dell'Uva di Riccia - foto: Michele Di Mauro\",\"thumbnail\":\"https:\\\/\\\/www.secretvillage.it\\\/blog\\\/wp-content\\\/uploads\\\/2024\\\/09\\\/festa-dell-uva-di-riccia-danze-balli-folklore-michele-di-mauro-fotografia-150x150.jpg\",\"description\":\"Festa dell'Uva di Riccia - foto: Michele Di Mauro\",\"is_video\":0,\"image_id\":956,\"width\":1600,\"height\":1067},{\"href\":\"https:\\\/\\\/www.secretvillage.it\\\/blog\\\/wp-content\\\/uploads\\\/2024\\\/09\\\/festa-dell-uva-di-riccia-molise-campobasso-micheledimauro-fotografia-secret-village.jpg\",\"title\":\"Festa dell'Uva di Riccia - foto: Michele Di Mauro\",\"thumbnail\":\"https:\\\/\\\/www.secretvillage.it\\\/blog\\\/wp-content\\\/uploads\\\/2024\\\/09\\\/festa-dell-uva-di-riccia-molise-campobasso-micheledimauro-fotografia-secret-village-150x150.jpg\",\"description\":\"Festa dell'Uva di Riccia - foto: Michele Di Mauro\",\"is_video\":0,\"image_id\":958,\"width\":1600,\"height\":1067},{\"href\":\"https:\\\/\\\/www.secretvillage.it\\\/blog\\\/wp-content\\\/uploads\\\/2024\\\/09\\\/festa-dell-uva-di-riccia-tra-storia-e-tradizione-michele-di-mauro-fotografia-secret-village.jpg\",\"title\":\"Festa dell'Uva di Riccia - foto: Michele Di Mauro\",\"thumbnail\":\"https:\\\/\\\/www.secretvillage.it\\\/blog\\\/wp-content\\\/uploads\\\/2024\\\/09\\\/festa-dell-uva-di-riccia-tra-storia-e-tradizione-michele-di-mauro-fotografia-secret-village-150x150.jpg\",\"description\":\"Festa dell'Uva di Riccia - foto: Michele Di Mauro\",\"is_video\":0,\"image_id\":957,\"width\":1600,\"height\":1067},{\"href\":\"https:\\\/\\\/www.secretvillage.it\\\/blog\\\/wp-content\\\/uploads\\\/2024\\\/09\\\/danze-balli-festa-dell-uva-riccia-michele-di-mauro-secret-village.jpg\",\"title\":\"Festa dell'Uva di Riccia - foto: Michele Di Mauro\",\"thumbnail\":\"https:\\\/\\\/www.secretvillage.it\\\/blog\\\/wp-content\\\/uploads\\\/2024\\\/09\\\/danze-balli-festa-dell-uva-riccia-michele-di-mauro-secret-village-150x150.jpg\",\"description\":\"Festa dell'Uva di Riccia - foto: Michele Di Mauro\",\"is_video\":0,\"image_id\":955,\"width\":1600,\"height\":1067}],\"lightbox\":{\"enable\":true,\"options\":{\"instance\":1}},\"items\":[{\"href\":\"https:\\\/\\\/www.secretvillage.it\\\/blog\\\/wp-content\\\/uploads\\\/2024\\\/09\\\/festa-dell-uva-di-riccia-danze-balli-folklore-michele-di-mauro-fotografia.jpg\",\"title\":\"Festa dell'Uva di Riccia - foto: Michele Di Mauro\",\"thumbnail\":\"https:\\\/\\\/www.secretvillage.it\\\/blog\\\/wp-content\\\/uploads\\\/2024\\\/09\\\/festa-dell-uva-di-riccia-danze-balli-folklore-michele-di-mauro-fotografia-150x150.jpg\",\"description\":\"Festa dell'Uva di Riccia - foto: Michele Di Mauro\",\"is_video\":0,\"image_id\":956,\"width\":1600,\"height\":1067},{\"href\":\"https:\\\/\\\/www.secretvillage.it\\\/blog\\\/wp-content\\\/uploads\\\/2024\\\/09\\\/festa-dell-uva-di-riccia-molise-campobasso-micheledimauro-fotografia-secret-village.jpg\",\"title\":\"Festa dell'Uva di Riccia - foto: Michele Di Mauro\",\"thumbnail\":\"https:\\\/\\\/www.secretvillage.it\\\/blog\\\/wp-content\\\/uploads\\\/2024\\\/09\\\/festa-dell-uva-di-riccia-molise-campobasso-micheledimauro-fotografia-secret-village-150x150.jpg\",\"description\":\"Festa dell'Uva di Riccia - foto: Michele Di Mauro\",\"is_video\":0,\"image_id\":958,\"width\":1600,\"height\":1067},{\"href\":\"https:\\\/\\\/www.secretvillage.it\\\/blog\\\/wp-content\\\/uploads\\\/2024\\\/09\\\/festa-dell-uva-di-riccia-tra-storia-e-tradizione-michele-di-mauro-fotografia-secret-village.jpg\",\"title\":\"Festa dell'Uva di Riccia - foto: Michele Di Mauro\",\"thumbnail\":\"https:\\\/\\\/www.secretvillage.it\\\/blog\\\/wp-content\\\/uploads\\\/2024\\\/09\\\/festa-dell-uva-di-riccia-tra-storia-e-tradizione-michele-di-mauro-fotografia-secret-village-150x150.jpg\",\"description\":\"Festa dell'Uva di Riccia - foto: Michele Di Mauro\",\"is_video\":0,\"image_id\":957,\"width\":1600,\"height\":1067},{\"href\":\"https:\\\/\\\/www.secretvillage.it\\\/blog\\\/wp-content\\\/uploads\\\/2024\\\/09\\\/danze-balli-festa-dell-uva-riccia-michele-di-mauro-secret-village.jpg\",\"title\":\"Festa dell'Uva di Riccia - foto: Michele Di Mauro\",\"thumbnail\":\"https:\\\/\\\/www.secretvillage.it\\\/blog\\\/wp-content\\\/uploads\\\/2024\\\/09\\\/danze-balli-festa-dell-uva-riccia-michele-di-mauro-secret-village-150x150.jpg\",\"description\":\"Festa dell'Uva di Riccia - foto: Michele Di Mauro\",\"is_video\":0,\"image_id\":955,\"width\":1600,\"height\":1067}]}<\/script>\r\n\t\t<\/div>","protected":false},"excerpt":{"rendered":"<p>Giunta alla novantaduesima edizione, la Festa dell&#8217;Uva di Riccia, con la sua storia, le danze ed il folklore, \u00e8 un appuntamento importante dell&#8217;estate molisana.<\/p>\n","protected":false},"author":2,"featured_media":954,"comment_status":"open","ping_status":"open","sticky":false,"template":"","format":"standard","meta":{"inline_featured_image":false,"footnotes":""},"categories":[20],"tags":[18,28,16],"class_list":["post-946","post","type-post","status-publish","format-standard","has-post-thumbnail","hentry","category-diario-di-viaggio","tag-diario-di-viaggio","tag-michele-di-mauro-fotografia","tag-molise"],"yoast_head":"<!-- This site is optimized with the Yoast SEO Premium plugin v22.3 (Yoast SEO v27.5) - https:\/\/yoast.com\/product\/yoast-seo-premium-wordpress\/ -->\n<title>Festa dell&#039;Uva di Riccia, tra storia e tradizione - Secret Village<\/title>\n<meta name=\"description\" content=\"Festa dell&#039;Uva di Riccia, tra storia e tradizione in Molise. Carri e gruppi folkloristici danzanti riempiono le vie del centro.\" \/>\n<meta name=\"robots\" content=\"index, follow, max-snippet:-1, max-image-preview:large, max-video-preview:-1\" \/>\n<link rel=\"canonical\" href=\"https:\/\/www.secretvillage.it\/blog\/diario-di-viaggio\/festa-dell-uva-di-riccia\/\" \/>\n<meta property=\"og:locale\" content=\"it_IT\" \/>\n<meta property=\"og:type\" content=\"article\" \/>\n<meta property=\"og:title\" content=\"Festa dell&#039;Uva di Riccia, tra storia e tradizione\" \/>\n<meta property=\"og:description\" content=\"Festa dell&#039;Uva di Riccia, tra storia e tradizione in Molise. Carri e gruppi folkloristici danzanti riempiono le vie del centro.\" \/>\n<meta property=\"og:url\" content=\"https:\/\/www.secretvillage.it\/blog\/diario-di-viaggio\/festa-dell-uva-di-riccia\/\" \/>\n<meta property=\"og:site_name\" content=\"Secret Village\" \/>\n<meta property=\"article:published_time\" content=\"2024-09-11T13:04:13+00:00\" \/>\n<meta property=\"article:modified_time\" content=\"2024-11-05T13:41:16+00:00\" \/>\n<meta property=\"og:image\" content=\"https:\/\/www.secretvillage.it\/blog\/wp-content\/uploads\/2024\/09\/festa-dell-uva-di-riccia-molise-campobasso-michele-di-mauro-fotografia-secret-village.jpg\" \/>\n\t<meta property=\"og:image:width\" content=\"1600\" \/>\n\t<meta property=\"og:image:height\" content=\"1067\" \/>\n\t<meta property=\"og:image:type\" content=\"image\/jpeg\" \/>\n<meta name=\"author\" content=\"Michele Di Mauro\" \/>\n<meta name=\"twitter:card\" content=\"summary_large_image\" \/>\n<meta name=\"twitter:label1\" content=\"Scritto da\" \/>\n\t<meta name=\"twitter:data1\" content=\"Michele Di Mauro\" \/>\n\t<meta name=\"twitter:label2\" content=\"Tempo di lettura stimato\" \/>\n\t<meta name=\"twitter:data2\" content=\"4 minuti\" \/>\n<script type=\"application\/ld+json\" class=\"yoast-schema-graph\">{\"@context\":\"https:\\\/\\\/schema.org\",\"@graph\":[{\"@type\":\"Article\",\"@id\":\"https:\\\/\\\/www.secretvillage.it\\\/blog\\\/diario-di-viaggio\\\/festa-dell-uva-di-riccia\\\/#article\",\"isPartOf\":{\"@id\":\"https:\\\/\\\/www.secretvillage.it\\\/blog\\\/diario-di-viaggio\\\/festa-dell-uva-di-riccia\\\/\"},\"author\":{\"name\":\"Michele Di Mauro\",\"@id\":\"https:\\\/\\\/www.secretvillage.it\\\/blog\\\/#\\\/schema\\\/person\\\/9f3e6ce7ab022e7474d37be9895cbab0\"},\"headline\":\"Festa dell&#8217;Uva di Riccia, tra storia e tradizione\",\"datePublished\":\"2024-09-11T13:04:13+00:00\",\"dateModified\":\"2024-11-05T13:41:16+00:00\",\"mainEntityOfPage\":{\"@id\":\"https:\\\/\\\/www.secretvillage.it\\\/blog\\\/diario-di-viaggio\\\/festa-dell-uva-di-riccia\\\/\"},\"wordCount\":631,\"commentCount\":0,\"publisher\":{\"@id\":\"https:\\\/\\\/www.secretvillage.it\\\/blog\\\/#organization\"},\"image\":{\"@id\":\"https:\\\/\\\/www.secretvillage.it\\\/blog\\\/diario-di-viaggio\\\/festa-dell-uva-di-riccia\\\/#primaryimage\"},\"thumbnailUrl\":\"https:\\\/\\\/www.secretvillage.it\\\/blog\\\/wp-content\\\/uploads\\\/2024\\\/09\\\/festa-dell-uva-di-riccia-molise-campobasso-michele-di-mauro-fotografia-secret-village.jpg\",\"keywords\":[\"diario di viaggio\",\"michele di mauro fotografia\",\"molise\"],\"articleSection\":[\"Diario di viaggio\"],\"inLanguage\":\"it-IT\",\"potentialAction\":[{\"@type\":\"CommentAction\",\"name\":\"Comment\",\"target\":[\"https:\\\/\\\/www.secretvillage.it\\\/blog\\\/diario-di-viaggio\\\/festa-dell-uva-di-riccia\\\/#respond\"]}],\"copyrightYear\":\"2024\",\"copyrightHolder\":{\"@id\":\"https:\\\/\\\/www.secretvillage.it\\\/blog\\\/#organization\"}},{\"@type\":\"WebPage\",\"@id\":\"https:\\\/\\\/www.secretvillage.it\\\/blog\\\/diario-di-viaggio\\\/festa-dell-uva-di-riccia\\\/\",\"url\":\"https:\\\/\\\/www.secretvillage.it\\\/blog\\\/diario-di-viaggio\\\/festa-dell-uva-di-riccia\\\/\",\"name\":\"Festa dell'Uva di Riccia, tra storia e tradizione - Secret Village\",\"isPartOf\":{\"@id\":\"https:\\\/\\\/www.secretvillage.it\\\/blog\\\/#website\"},\"primaryImageOfPage\":{\"@id\":\"https:\\\/\\\/www.secretvillage.it\\\/blog\\\/diario-di-viaggio\\\/festa-dell-uva-di-riccia\\\/#primaryimage\"},\"image\":{\"@id\":\"https:\\\/\\\/www.secretvillage.it\\\/blog\\\/diario-di-viaggio\\\/festa-dell-uva-di-riccia\\\/#primaryimage\"},\"thumbnailUrl\":\"https:\\\/\\\/www.secretvillage.it\\\/blog\\\/wp-content\\\/uploads\\\/2024\\\/09\\\/festa-dell-uva-di-riccia-molise-campobasso-michele-di-mauro-fotografia-secret-village.jpg\",\"datePublished\":\"2024-09-11T13:04:13+00:00\",\"dateModified\":\"2024-11-05T13:41:16+00:00\",\"description\":\"Festa dell'Uva di Riccia, tra storia e tradizione in Molise. Carri e gruppi folkloristici danzanti riempiono le vie del centro.\",\"breadcrumb\":{\"@id\":\"https:\\\/\\\/www.secretvillage.it\\\/blog\\\/diario-di-viaggio\\\/festa-dell-uva-di-riccia\\\/#breadcrumb\"},\"inLanguage\":\"it-IT\",\"potentialAction\":[{\"@type\":\"ReadAction\",\"target\":[\"https:\\\/\\\/www.secretvillage.it\\\/blog\\\/diario-di-viaggio\\\/festa-dell-uva-di-riccia\\\/\"]}]},{\"@type\":\"ImageObject\",\"inLanguage\":\"it-IT\",\"@id\":\"https:\\\/\\\/www.secretvillage.it\\\/blog\\\/diario-di-viaggio\\\/festa-dell-uva-di-riccia\\\/#primaryimage\",\"url\":\"https:\\\/\\\/www.secretvillage.it\\\/blog\\\/wp-content\\\/uploads\\\/2024\\\/09\\\/festa-dell-uva-di-riccia-molise-campobasso-michele-di-mauro-fotografia-secret-village.jpg\",\"contentUrl\":\"https:\\\/\\\/www.secretvillage.it\\\/blog\\\/wp-content\\\/uploads\\\/2024\\\/09\\\/festa-dell-uva-di-riccia-molise-campobasso-michele-di-mauro-fotografia-secret-village.jpg\",\"width\":1600,\"height\":1067,\"caption\":\"Festa dell'Uva di Riccia, in Molise.\"},{\"@type\":\"BreadcrumbList\",\"@id\":\"https:\\\/\\\/www.secretvillage.it\\\/blog\\\/diario-di-viaggio\\\/festa-dell-uva-di-riccia\\\/#breadcrumb\",\"itemListElement\":[{\"@type\":\"ListItem\",\"position\":1,\"name\":\"Home\",\"item\":\"https:\\\/\\\/www.secretvillage.it\\\/blog\\\/\"},{\"@type\":\"ListItem\",\"position\":2,\"name\":\"Festa dell&#8217;Uva di Riccia, tra storia e tradizione\"}]},{\"@type\":\"WebSite\",\"@id\":\"https:\\\/\\\/www.secretvillage.it\\\/blog\\\/#website\",\"url\":\"https:\\\/\\\/www.secretvillage.it\\\/blog\\\/\",\"name\":\"Secret Village\",\"description\":\"L&#039;Italia che non ti aspetti\",\"publisher\":{\"@id\":\"https:\\\/\\\/www.secretvillage.it\\\/blog\\\/#organization\"},\"potentialAction\":[{\"@type\":\"SearchAction\",\"target\":{\"@type\":\"EntryPoint\",\"urlTemplate\":\"https:\\\/\\\/www.secretvillage.it\\\/blog\\\/?s={search_term_string}\"},\"query-input\":{\"@type\":\"PropertyValueSpecification\",\"valueRequired\":true,\"valueName\":\"search_term_string\"}}],\"inLanguage\":\"it-IT\"},{\"@type\":\"Organization\",\"@id\":\"https:\\\/\\\/www.secretvillage.it\\\/blog\\\/#organization\",\"name\":\"Secret Village\",\"url\":\"https:\\\/\\\/www.secretvillage.it\\\/blog\\\/\",\"logo\":{\"@type\":\"ImageObject\",\"inLanguage\":\"it-IT\",\"@id\":\"https:\\\/\\\/www.secretvillage.it\\\/blog\\\/#\\\/schema\\\/logo\\\/image\\\/\",\"url\":\"https:\\\/\\\/www.secretvillage.it\\\/blog\\\/wp-content\\\/uploads\\\/2024\\\/03\\\/logo_secret_village_3.svg\",\"contentUrl\":\"https:\\\/\\\/www.secretvillage.it\\\/blog\\\/wp-content\\\/uploads\\\/2024\\\/03\\\/logo_secret_village_3.svg\",\"width\":350,\"height\":350,\"caption\":\"Secret Village\"},\"image\":{\"@id\":\"https:\\\/\\\/www.secretvillage.it\\\/blog\\\/#\\\/schema\\\/logo\\\/image\\\/\"}},{\"@type\":\"Person\",\"@id\":\"https:\\\/\\\/www.secretvillage.it\\\/blog\\\/#\\\/schema\\\/person\\\/9f3e6ce7ab022e7474d37be9895cbab0\",\"name\":\"Michele Di Mauro\",\"image\":{\"@type\":\"ImageObject\",\"inLanguage\":\"it-IT\",\"@id\":\"https:\\\/\\\/www.secretvillage.it\\\/blog\\\/wp-content\\\/uploads\\\/2024\\\/03\\\/michele-di-mauro-fotografia-profilo-secret-village-150x150.jpg\",\"url\":\"https:\\\/\\\/www.secretvillage.it\\\/blog\\\/wp-content\\\/uploads\\\/2024\\\/03\\\/michele-di-mauro-fotografia-profilo-secret-village-150x150.jpg\",\"contentUrl\":\"https:\\\/\\\/www.secretvillage.it\\\/blog\\\/wp-content\\\/uploads\\\/2024\\\/03\\\/michele-di-mauro-fotografia-profilo-secret-village-150x150.jpg\",\"caption\":\"Michele Di Mauro\"},\"description\":\"Michele Di Mauro nasce nel 1986 a Putignano, citt\u00e0 del sud-est barese, ed inizia sin dalla giovane et\u00e0 la sperimentazione fotografica, per poi farne oggetto di approfondimento etico e tecnico nel periodo universitario. Negli anni di studio che hanno condotto al conseguimento della laurea in Giurisprudenza e alla professione di consulente legale, comincia ad appassionarsi alle vicende storiche del Paese, iniziando a tracciarne i contorni mediante la fotografia e la scrittura. Fotografo di reportage, nel 2019 cura la scena di \u201cSolitudine e sete\u201d, mediometraggio del regista Fedele Dalessandro, per il quale diriger\u00e0 la fotografia e scatti di scena, tra 2021 e 2024, del film \u201c2020 \u2013 L\u2019ultima primavera\u201d. Dal 2022 \u00e8 nel progetto Secret Village, curandone i contenuti testuali, fotografici, e proseguendo la scrittura di articoli. Nel 2023 \u00e8 FIOF Italian Photography Ambassador, esponendo in Albania. Il 2024 \u00e8 dato alle stampe il libro fotografico \u201cDistanti. Scatti e frammenti di spiritualit\u00e0 in tempo di Covid\u201d, ed. VivereIn.\",\"sameAs\":[\"https:\\\/\\\/www.micheledimaurofotografia.it\",\"https:\\\/\\\/www.instagram.com\\\/micheledimauro\\\/\"],\"url\":\"https:\\\/\\\/www.secretvillage.it\\\/blog\\\/autore\\\/michele\\\/\"}]}<\/script>\n<!-- \/ Yoast SEO Premium plugin. -->","yoast_head_json":{"title":"Festa dell'Uva di Riccia, tra storia e tradizione - Secret Village","description":"Festa dell'Uva di Riccia, tra storia e tradizione in Molise. Carri e gruppi folkloristici danzanti riempiono le vie del centro.","robots":{"index":"index","follow":"follow","max-snippet":"max-snippet:-1","max-image-preview":"max-image-preview:large","max-video-preview":"max-video-preview:-1"},"canonical":"https:\/\/www.secretvillage.it\/blog\/diario-di-viaggio\/festa-dell-uva-di-riccia\/","og_locale":"it_IT","og_type":"article","og_title":"Festa dell'Uva di Riccia, tra storia e tradizione","og_description":"Festa dell'Uva di Riccia, tra storia e tradizione in Molise. Carri e gruppi folkloristici danzanti riempiono le vie del centro.","og_url":"https:\/\/www.secretvillage.it\/blog\/diario-di-viaggio\/festa-dell-uva-di-riccia\/","og_site_name":"Secret Village","article_published_time":"2024-09-11T13:04:13+00:00","article_modified_time":"2024-11-05T13:41:16+00:00","og_image":[{"width":1600,"height":1067,"url":"https:\/\/www.secretvillage.it\/blog\/wp-content\/uploads\/2024\/09\/festa-dell-uva-di-riccia-molise-campobasso-michele-di-mauro-fotografia-secret-village.jpg","type":"image\/jpeg"}],"author":"Michele Di Mauro","twitter_card":"summary_large_image","twitter_misc":{"Scritto da":"Michele Di Mauro","Tempo di lettura stimato":"4 minuti"},"schema":{"@context":"https:\/\/schema.org","@graph":[{"@type":"Article","@id":"https:\/\/www.secretvillage.it\/blog\/diario-di-viaggio\/festa-dell-uva-di-riccia\/#article","isPartOf":{"@id":"https:\/\/www.secretvillage.it\/blog\/diario-di-viaggio\/festa-dell-uva-di-riccia\/"},"author":{"name":"Michele Di Mauro","@id":"https:\/\/www.secretvillage.it\/blog\/#\/schema\/person\/9f3e6ce7ab022e7474d37be9895cbab0"},"headline":"Festa dell&#8217;Uva di Riccia, tra storia e tradizione","datePublished":"2024-09-11T13:04:13+00:00","dateModified":"2024-11-05T13:41:16+00:00","mainEntityOfPage":{"@id":"https:\/\/www.secretvillage.it\/blog\/diario-di-viaggio\/festa-dell-uva-di-riccia\/"},"wordCount":631,"commentCount":0,"publisher":{"@id":"https:\/\/www.secretvillage.it\/blog\/#organization"},"image":{"@id":"https:\/\/www.secretvillage.it\/blog\/diario-di-viaggio\/festa-dell-uva-di-riccia\/#primaryimage"},"thumbnailUrl":"https:\/\/www.secretvillage.it\/blog\/wp-content\/uploads\/2024\/09\/festa-dell-uva-di-riccia-molise-campobasso-michele-di-mauro-fotografia-secret-village.jpg","keywords":["diario di viaggio","michele di mauro fotografia","molise"],"articleSection":["Diario di viaggio"],"inLanguage":"it-IT","potentialAction":[{"@type":"CommentAction","name":"Comment","target":["https:\/\/www.secretvillage.it\/blog\/diario-di-viaggio\/festa-dell-uva-di-riccia\/#respond"]}],"copyrightYear":"2024","copyrightHolder":{"@id":"https:\/\/www.secretvillage.it\/blog\/#organization"}},{"@type":"WebPage","@id":"https:\/\/www.secretvillage.it\/blog\/diario-di-viaggio\/festa-dell-uva-di-riccia\/","url":"https:\/\/www.secretvillage.it\/blog\/diario-di-viaggio\/festa-dell-uva-di-riccia\/","name":"Festa dell'Uva di Riccia, tra storia e tradizione - Secret Village","isPartOf":{"@id":"https:\/\/www.secretvillage.it\/blog\/#website"},"primaryImageOfPage":{"@id":"https:\/\/www.secretvillage.it\/blog\/diario-di-viaggio\/festa-dell-uva-di-riccia\/#primaryimage"},"image":{"@id":"https:\/\/www.secretvillage.it\/blog\/diario-di-viaggio\/festa-dell-uva-di-riccia\/#primaryimage"},"thumbnailUrl":"https:\/\/www.secretvillage.it\/blog\/wp-content\/uploads\/2024\/09\/festa-dell-uva-di-riccia-molise-campobasso-michele-di-mauro-fotografia-secret-village.jpg","datePublished":"2024-09-11T13:04:13+00:00","dateModified":"2024-11-05T13:41:16+00:00","description":"Festa dell'Uva di Riccia, tra storia e tradizione in Molise. Carri e gruppi folkloristici danzanti riempiono le vie del centro.","breadcrumb":{"@id":"https:\/\/www.secretvillage.it\/blog\/diario-di-viaggio\/festa-dell-uva-di-riccia\/#breadcrumb"},"inLanguage":"it-IT","potentialAction":[{"@type":"ReadAction","target":["https:\/\/www.secretvillage.it\/blog\/diario-di-viaggio\/festa-dell-uva-di-riccia\/"]}]},{"@type":"ImageObject","inLanguage":"it-IT","@id":"https:\/\/www.secretvillage.it\/blog\/diario-di-viaggio\/festa-dell-uva-di-riccia\/#primaryimage","url":"https:\/\/www.secretvillage.it\/blog\/wp-content\/uploads\/2024\/09\/festa-dell-uva-di-riccia-molise-campobasso-michele-di-mauro-fotografia-secret-village.jpg","contentUrl":"https:\/\/www.secretvillage.it\/blog\/wp-content\/uploads\/2024\/09\/festa-dell-uva-di-riccia-molise-campobasso-michele-di-mauro-fotografia-secret-village.jpg","width":1600,"height":1067,"caption":"Festa dell'Uva di Riccia, in Molise."},{"@type":"BreadcrumbList","@id":"https:\/\/www.secretvillage.it\/blog\/diario-di-viaggio\/festa-dell-uva-di-riccia\/#breadcrumb","itemListElement":[{"@type":"ListItem","position":1,"name":"Home","item":"https:\/\/www.secretvillage.it\/blog\/"},{"@type":"ListItem","position":2,"name":"Festa dell&#8217;Uva di Riccia, tra storia e tradizione"}]},{"@type":"WebSite","@id":"https:\/\/www.secretvillage.it\/blog\/#website","url":"https:\/\/www.secretvillage.it\/blog\/","name":"Secret Village","description":"L&#039;Italia che non ti aspetti","publisher":{"@id":"https:\/\/www.secretvillage.it\/blog\/#organization"},"potentialAction":[{"@type":"SearchAction","target":{"@type":"EntryPoint","urlTemplate":"https:\/\/www.secretvillage.it\/blog\/?s={search_term_string}"},"query-input":{"@type":"PropertyValueSpecification","valueRequired":true,"valueName":"search_term_string"}}],"inLanguage":"it-IT"},{"@type":"Organization","@id":"https:\/\/www.secretvillage.it\/blog\/#organization","name":"Secret Village","url":"https:\/\/www.secretvillage.it\/blog\/","logo":{"@type":"ImageObject","inLanguage":"it-IT","@id":"https:\/\/www.secretvillage.it\/blog\/#\/schema\/logo\/image\/","url":"https:\/\/www.secretvillage.it\/blog\/wp-content\/uploads\/2024\/03\/logo_secret_village_3.svg","contentUrl":"https:\/\/www.secretvillage.it\/blog\/wp-content\/uploads\/2024\/03\/logo_secret_village_3.svg","width":350,"height":350,"caption":"Secret Village"},"image":{"@id":"https:\/\/www.secretvillage.it\/blog\/#\/schema\/logo\/image\/"}},{"@type":"Person","@id":"https:\/\/www.secretvillage.it\/blog\/#\/schema\/person\/9f3e6ce7ab022e7474d37be9895cbab0","name":"Michele Di Mauro","image":{"@type":"ImageObject","inLanguage":"it-IT","@id":"https:\/\/www.secretvillage.it\/blog\/wp-content\/uploads\/2024\/03\/michele-di-mauro-fotografia-profilo-secret-village-150x150.jpg","url":"https:\/\/www.secretvillage.it\/blog\/wp-content\/uploads\/2024\/03\/michele-di-mauro-fotografia-profilo-secret-village-150x150.jpg","contentUrl":"https:\/\/www.secretvillage.it\/blog\/wp-content\/uploads\/2024\/03\/michele-di-mauro-fotografia-profilo-secret-village-150x150.jpg","caption":"Michele Di Mauro"},"description":"Michele Di Mauro nasce nel 1986 a Putignano, citt\u00e0 del sud-est barese, ed inizia sin dalla giovane et\u00e0 la sperimentazione fotografica, per poi farne oggetto di approfondimento etico e tecnico nel periodo universitario. Negli anni di studio che hanno condotto al conseguimento della laurea in Giurisprudenza e alla professione di consulente legale, comincia ad appassionarsi alle vicende storiche del Paese, iniziando a tracciarne i contorni mediante la fotografia e la scrittura. Fotografo di reportage, nel 2019 cura la scena di \u201cSolitudine e sete\u201d, mediometraggio del regista Fedele Dalessandro, per il quale diriger\u00e0 la fotografia e scatti di scena, tra 2021 e 2024, del film \u201c2020 \u2013 L\u2019ultima primavera\u201d. Dal 2022 \u00e8 nel progetto Secret Village, curandone i contenuti testuali, fotografici, e proseguendo la scrittura di articoli. Nel 2023 \u00e8 FIOF Italian Photography Ambassador, esponendo in Albania. Il 2024 \u00e8 dato alle stampe il libro fotografico \u201cDistanti. Scatti e frammenti di spiritualit\u00e0 in tempo di Covid\u201d, ed. VivereIn.","sameAs":["https:\/\/www.micheledimaurofotografia.it","https:\/\/www.instagram.com\/micheledimauro\/"],"url":"https:\/\/www.secretvillage.it\/blog\/autore\/michele\/"}]}},"_links":{"self":[{"href":"https:\/\/www.secretvillage.it\/blog\/wp-json\/wp\/v2\/posts\/946","targetHints":{"allow":["GET"]}}],"collection":[{"href":"https:\/\/www.secretvillage.it\/blog\/wp-json\/wp\/v2\/posts"}],"about":[{"href":"https:\/\/www.secretvillage.it\/blog\/wp-json\/wp\/v2\/types\/post"}],"author":[{"embeddable":true,"href":"https:\/\/www.secretvillage.it\/blog\/wp-json\/wp\/v2\/users\/2"}],"replies":[{"embeddable":true,"href":"https:\/\/www.secretvillage.it\/blog\/wp-json\/wp\/v2\/comments?post=946"}],"version-history":[{"count":9,"href":"https:\/\/www.secretvillage.it\/blog\/wp-json\/wp\/v2\/posts\/946\/revisions"}],"predecessor-version":[{"id":1107,"href":"https:\/\/www.secretvillage.it\/blog\/wp-json\/wp\/v2\/posts\/946\/revisions\/1107"}],"wp:featuredmedia":[{"embeddable":true,"href":"https:\/\/www.secretvillage.it\/blog\/wp-json\/wp\/v2\/media\/954"}],"wp:attachment":[{"href":"https:\/\/www.secretvillage.it\/blog\/wp-json\/wp\/v2\/media?parent=946"}],"wp:term":[{"taxonomy":"category","embeddable":true,"href":"https:\/\/www.secretvillage.it\/blog\/wp-json\/wp\/v2\/categories?post=946"},{"taxonomy":"post_tag","embeddable":true,"href":"https:\/\/www.secretvillage.it\/blog\/wp-json\/wp\/v2\/tags?post=946"}],"curies":[{"name":"wp","href":"https:\/\/api.w.org\/{rel}","templated":true}]}}