{"id":1443,"date":"2025-09-17T14:55:21","date_gmt":"2025-09-17T12:55:21","guid":{"rendered":"https:\/\/www.secretvillage.it\/blog\/?p=1443"},"modified":"2025-09-17T14:55:22","modified_gmt":"2025-09-17T12:55:22","slug":"forte-malatesta-ascoli-piceno","status":"publish","type":"post","link":"https:\/\/www.secretvillage.it\/blog\/diario-di-viaggio\/forte-malatesta-ascoli-piceno\/","title":{"rendered":"Forte Malatesta di Ascoli Piceno"},"content":{"rendered":"\n<p><strong>Forte Malatesta di Ascoli Piceno, il guardiano silente. <\/strong>La rocca ascolana si innalza superando la fitta natura boschiva in cui appare immersa e senza contatto con la citt\u00e0, salvo che per un ponte. Eppure, la sua altezza le permette di vegliare sull\u2019abitato, presidiandone uno degli ingressi.<br>L\u2019edificio \u00e8 austero, con poche concessioni all\u2019ornamento, eppure comunica fascino ed eleganza, oltre a dare idea di una solidit\u00e0 capace di sfidare vittoriosamente il tempo. Crocevia del <strong>fiume Tronto e del torrente Castellano<\/strong>, il capoluogo di provincia marchigiano \u00e8 avvolto dai monti che fanno da sfondo alla fortezza. Distinto dai parchi naturali del Gran Sasso e dei Monti Sibillini, il territorio di Ascoli Piceno \u00e8 un forziere al cui interno i tesori splendono di una luce secolare.<\/p>\n\n\n\n<h2 class=\"wp-block-heading\" id=\"h-forte-malatesta-di-ascoli-piceno\">Forte Malatesta di Ascoli Piceno<\/h2>\n\n\n\n<p>Il <strong><a href=\"https:\/\/www.secretvillage.it\/segreti\/forte-malatesta\" target=\"_blank\" rel=\"noreferrer noopener\">Forte Malatesta di Ascoli Piceno<\/a><\/strong> sorge sulle rovine di un\u2019antica stazione termale di epoca romana, la cui struttura \u00e8 in parte ancora visibile. Dalla fonte sgorgava acqua, che veniva raccolta in alcune vasche per merito di condutture. Una porzione di copertura della conduttura \u00e8 sopravvissuta e della stessa si osserva la particolare tecnica di posa dei mattoni, l\u2019<em>opus reticulatum<\/em>.<\/p>\n\n\n\n<p>Nel XIV secolo, i rapporti con alcuni centri confinanti, feudi in contrasto tra loro, imponevano la costituzione di un sistema difensivo che salvaguardasse il territorio. L\u2019allora signore del feudo ascolano, divenuta la citt\u00e0 solo in seguito all\u2019Unit\u00e0 d\u2019Italia <a href=\"https:\/\/www.secretvillage.it\/comuni\/ascoli-piceno\" target=\"_blank\" rel=\"noreferrer noopener\">Ascoli Piceno<\/a>, <strong>Galeotto I Malatesta<\/strong> commission\u00f2 la costruzione di una roccaforte. Il conflitto con la citt\u00e0 di Fermo e la necessit\u00e0 di amministrare il feudo, portarono il nobile alla costruzione di un edificio che potesse assolvere al duplice compito. Nonostante fosse gi\u00e0 presente una fortezza tra le <a href=\"https:\/\/www.secretvillage.it\/luoghi\/val-vibrata-tronto-piceno\" target=\"_blank\" rel=\"noreferrer noopener\">terre di Ascoli Piceno<\/a>, Malatesta prefer\u00ec farne realizzare una nuova.<\/p>\n\n\n\n<h3 class=\"wp-block-heading\" id=\"h-fortezza-pia\">Fortezza Pia<\/h3>\n\n\n\n<p>La <strong>Fortezza Pia<\/strong>, giunta ai tempi odierni in forma di soli ruderi, \u00e8 precedente alla roccaforte malatestiana, ed era parte di una pi\u00f9 ampia difesa. Anch\u2019essa solida ed imponente, non ebbe un\u2019esistenza semplice, vedendosi ricostruita pi\u00f9 volte ed in ultimo smantellata durante l\u2019occupazione francese. Le vicende la resero protagonista anche di una riedificazione da parte di Galeotto I Malatesta, che per\u00f2, come detto, non la elesse a dimora.<\/p>\n\n\n\n<h2 class=\"wp-block-heading\" id=\"h-forte-malatesta-di-ascoli-piceno-il-rifacimento-cinquecentesco\">Forte Malatesta di Ascoli Piceno &#8211; Il rifacimento cinquecentesco<\/h2>\n\n\n\n<p>Il rifacimento cinquecentesco del Forte Malatesta di Ascoli Piceno si deve all\u2019intervento di Papa Paolo III. Esponente della famiglia Farnese, egli fece completamente riorganizzare la precedente fortezza, nel corso del tempo devastata da tumulti popolari e donata alle Clarisse. Dopo l\u2019esperienza di luogo spirituale, che vide la fortezza divenire <strong>chiesa di Santa Maria del Lago<\/strong>, una nuova vita l\u2019attendeva. Con l\u2019acquisizione del feudo da parte dello Stato Pontificio, i lavori di rinnovamento furono affidati ad <strong>Antonio da Sangallo Il Giovane<\/strong>. Questi, incorporando la chiesa di inizio secolo, e facendone il mastio dell\u2019incastellamento, riun\u00ec in un complesso le precedenti vite del sito.<\/p>\n\n\n\n<h2 class=\"wp-block-heading\" id=\"h-il-guardiano-silente\">Il guardiano silente<\/h2>\n\n\n\n<p>Il Forte Malatesta di Ascoli Piceno si distingue dall\u2019intenso verde della <strong>natura <a href=\"https:\/\/www.secretvillage.it\/regioni\/marche\" target=\"_blank\" rel=\"noreferrer noopener\">marchigiana<\/a><\/strong> con il chiarore delle mura in travertino bianco, su cui svetta la copertura in coppi del mastio. Al di sotto del tetto, si apre una balconata delimitata da una balaustra a sua volta sorretta da un cornicione, anch\u2019esso in pietra. Le facciate della torre principale, l\u2019allora chiesa di Santa Maria del Lago, mostrano cornici marcapiano e finestre dai lineamenti gotici. I corpi di fabbrica disegnano volumetrie ampie, che nell\u2019insieme rendono armoniosa la struttura, pur mantenendo una percezione di solennit\u00e0<\/p>\n\n\n\n<p>Gli ultimi anni del XVIII secolo furono quelli in cui, dismessi i panni residenziali, la fortificazione ascolana fu adibita ad infrastruttura militare. Lo <strong>Stato Ecclesiastico<\/strong> ne ordin\u00f2 il rinnovamento al fine di ospitare le truppe.<br>I primi anni dell\u2019Ottocento segnarono una ulteriore destinazione a cui and\u00f2 incontro il Forte Malatesta di Ascoli Piceno. I locali furono riadattati per dare alloggio a detenuti e guardie, essendo designati per collocarvi il carcere giudiziario.<\/p>\n\n\n\n<h3 class=\"wp-block-heading\" id=\"h-museo-dell-alto-medioevo\">Museo dell&#8217;Alto Medioevo<\/h3>\n\n\n\n<p>Con l\u2019avvio dei lavori per la Casa circondariale di Marino del Tronto, negli anni Settanta del Novecento, il <a href=\"https:\/\/www.secretvillage.it\/segreti\/forte-malatesta\" target=\"_blank\" rel=\"noreferrer noopener\">Forte Malatesta di Ascoli Piceno<\/a> si avviava ad una nuova esistenza. Agli inizi del decennio successivo, il nuovo istituto carcerario entr\u00f2 in funzione e l\u2019antico maniero fu liberato anche della sezione semiliberi.<br>A partire dai primi anni del nuovo millennio, la fortezza ha donato i propri spazi per uno scopo di trasmissione di cultura. Con l\u2019istituzione del <strong>Polo Museale Forte Malatesta<\/strong> si diede il via ad un processo di predisposizione di strumenti per fare dell\u2019ex carcere un museo. Nel 2014 il <strong>Museo dell\u2019Altro Medioevo<\/strong> si trasferisce nella rocca malatestiana. Qui gli strumenti e le dotazioni multimediali permettono l\u2019incontro tra storia e modernit\u00e0.<br>I reperti del sepolcro longobardo, i corredi funerari rinvenuti, hanno costituito il corpus dell\u2019esposizione museale, a cui si aggiungono le sculture.<\/p>\n\n\n\n<h2 class=\"wp-block-heading\" id=\"h-le-opere-di-antonio-marras-diario-di-viaggio\">Le opere di Antonio Marras &#8211; <a href=\"https:\/\/www.micheledimaurofotografia.it\/blog-pensiero-riflessioni\/\" target=\"_blank\" rel=\"noreferrer noopener nofollow\">Diario di Viaggio<\/a><\/h2>\n\n\n\n<p>&#8220;<em>La mia trasferta nelle Marche per alcuni scatti e per rivedere cari amici fotografi, aveva una tappa ben precisa segnata nel taccuino. Ascoli merita certamente ben pi\u00f9 di una visita di alcuni giorni, ma alcune delle bellezze che conta sono visibili in un tempo non particolarmente lungo. Storia ed archeologia impregnano gli ambienti, ma non solo. Alcune <strong>opere di Antonio Marras<\/strong>, collocate temporaneamente, ammantano di ulteriore fascino pareti e sale.<\/em>&#8220;.<\/p>\n\n\n\n<p>Scopri altri <a href=\"https:\/\/www.secretvillage.it\/blog\/autore\/michele\/\" target=\"_blank\" rel=\"noreferrer noopener\">articoli dell&#8217;Autore<\/a><br>Visita il <a href=\"https:\/\/www.micheledimaurofotografia.it\/\" target=\"_blank\" rel=\"noreferrer noopener nofollow\">sito dell&#8217;Autore<\/a><\/p>\n\n\n<style>.uid-dabbc8e67a76a148  .gt3pg-isotope-item {\n\tpadding-right: 20px;\n\tpadding-bottom: 20px;\n}\n.uid-dabbc8e67a76a148  .gallery-isotope-wrapper {\n\tmargin-right: -20px;\n\tmargin-bottom: -20px;\n}\n<\/style><div id=\"uid-dabbc8e67a76a148\" data-gt3pg-block=\"grid\" data-index=\"1\" class=\"gt3-photo-gallery-pro--isotope_gallery uid-dabbc8e67a76a148 gt3pg-pro--wrapper gt3pg-pro--grid \">\t\t<div data-cols=\"4\" data-cols-tablet=\"3\" data-cols-mobile=\"2\" class=\"gt3pg-isotope-gallery columns-4 hover-default gallery-grid  corner-standard square\" data-settings=\"{&quot;id&quot;:1,&quot;uid&quot;:&quot;uid-dabbc8e67a76a148&quot;,&quot;grid_type&quot;:&quot;square&quot;,&quot;modules&quot;:[&quot;Lightbox&quot;],&quot;lightboxArray&quot;:[{&quot;href&quot;:&quot;https:\\\/\\\/www.secretvillage.it\\\/blog\\\/wp-content\\\/uploads\\\/2025\\\/09\\\/forte-malatesta-ascoli-piceno-michele-di-mauro-1-scaled.jpg&quot;,&quot;title&quot;:&quot;Corte della rocca malatestiana Foto: Michele Di Mauro&quot;,&quot;thumbnail&quot;:&quot;https:\\\/\\\/www.secretvillage.it\\\/blog\\\/wp-content\\\/uploads\\\/2025\\\/09\\\/forte-malatesta-ascoli-piceno-michele-di-mauro-1-150x150.jpg&quot;,&quot;description&quot;:&quot;Corte della rocca malatestiana\\nFoto: Michele Di Mauro&quot;,&quot;is_video&quot;:0,&quot;image_id&quot;:1452,&quot;width&quot;:1707,&quot;height&quot;:2560},{&quot;href&quot;:&quot;https:\\\/\\\/www.secretvillage.it\\\/blog\\\/wp-content\\\/uploads\\\/2025\\\/09\\\/forte-malatesta-ascoli-piceno-michele-di-mauro-2.jpg&quot;,&quot;title&quot;:&quot;Corte della rocca malatestiana Foto: Michele Di Mauro&quot;,&quot;thumbnail&quot;:&quot;https:\\\/\\\/www.secretvillage.it\\\/blog\\\/wp-content\\\/uploads\\\/2025\\\/09\\\/forte-malatesta-ascoli-piceno-michele-di-mauro-2-150x150.jpg&quot;,&quot;description&quot;:&quot;Corte della rocca malatestiana\\nFoto: Michele Di Mauro&quot;,&quot;is_video&quot;:0,&quot;image_id&quot;:1453,&quot;width&quot;:2000,&quot;height&quot;:1333},{&quot;href&quot;:&quot;https:\\\/\\\/www.secretvillage.it\\\/blog\\\/wp-content\\\/uploads\\\/2025\\\/09\\\/forte-malatesta-ascoli-piceno-michele-di-mauro-5.jpg&quot;,&quot;title&quot;:&quot;Mastio del Forte Malatesta Foto: Michele Di Mauro&quot;,&quot;thumbnail&quot;:&quot;https:\\\/\\\/www.secretvillage.it\\\/blog\\\/wp-content\\\/uploads\\\/2025\\\/09\\\/forte-malatesta-ascoli-piceno-michele-di-mauro-5-150x150.jpg&quot;,&quot;description&quot;:&quot;Mastio del Forte Malatesta\\nFoto: Michele Di Mauro&quot;,&quot;is_video&quot;:0,&quot;image_id&quot;:1451,&quot;width&quot;:2000,&quot;height&quot;:1333},{&quot;href&quot;:&quot;https:\\\/\\\/www.secretvillage.it\\\/blog\\\/wp-content\\\/uploads\\\/2025\\\/09\\\/museo-archeologico-nazionale-ascoli-michele-di-mauro-fotografia.jpg&quot;,&quot;title&quot;:&quot;Museo dell&#039;Alto Medioevo Foto: Michele Di Mauro&quot;,&quot;thumbnail&quot;:&quot;https:\\\/\\\/www.secretvillage.it\\\/blog\\\/wp-content\\\/uploads\\\/2025\\\/09\\\/museo-archeologico-nazionale-ascoli-michele-di-mauro-fotografia-150x150.jpg&quot;,&quot;description&quot;:&quot;Museo dell&#039;Alto Medioevo\\nFoto: Michele Di Mauro&quot;,&quot;is_video&quot;:0,&quot;image_id&quot;:1449,&quot;width&quot;:2000,&quot;height&quot;:1333},{&quot;href&quot;:&quot;https:\\\/\\\/www.secretvillage.it\\\/blog\\\/wp-content\\\/uploads\\\/2025\\\/09\\\/forte-malatesta-ascoli-piceno-michele-di-mauro-3.jpg&quot;,&quot;title&quot;:&quot;Corte della rocca malatestiana Foto: Michele Di Mauro&quot;,&quot;thumbnail&quot;:&quot;https:\\\/\\\/www.secretvillage.it\\\/blog\\\/wp-content\\\/uploads\\\/2025\\\/09\\\/forte-malatesta-ascoli-piceno-michele-di-mauro-3-150x150.jpg&quot;,&quot;description&quot;:&quot;Corte della rocca malatestiana\\nFoto: Michele Di Mauro&quot;,&quot;is_video&quot;:0,&quot;image_id&quot;:1450,&quot;width&quot;:2000,&quot;height&quot;:1333},{&quot;href&quot;:&quot;https:\\\/\\\/www.secretvillage.it\\\/blog\\\/wp-content\\\/uploads\\\/2025\\\/09\\\/antonio-marras-forte-malatesta-michele-di-mauro-1.jpg&quot;,&quot;title&quot;:&quot;Opera di Antonio Marras Foto: Michele Di Mauro&quot;,&quot;thumbnail&quot;:&quot;https:\\\/\\\/www.secretvillage.it\\\/blog\\\/wp-content\\\/uploads\\\/2025\\\/09\\\/antonio-marras-forte-malatesta-michele-di-mauro-1-150x150.jpg&quot;,&quot;description&quot;:&quot;Opera di Antonio Marras\\nFoto: Michele Di Mauro&quot;,&quot;is_video&quot;:0,&quot;image_id&quot;:1446,&quot;width&quot;:2000,&quot;height&quot;:1333},{&quot;href&quot;:&quot;https:\\\/\\\/www.secretvillage.it\\\/blog\\\/wp-content\\\/uploads\\\/2025\\\/09\\\/antonio-marras-forte-malatesta-michele-di-mauro-2.jpg&quot;,&quot;title&quot;:&quot;Opera di Antonio Marras Foto: Michele Di Mauro&quot;,&quot;thumbnail&quot;:&quot;https:\\\/\\\/www.secretvillage.it\\\/blog\\\/wp-content\\\/uploads\\\/2025\\\/09\\\/antonio-marras-forte-malatesta-michele-di-mauro-2-150x150.jpg&quot;,&quot;description&quot;:&quot;Opera di Antonio Marras\\nFoto: Michele Di Mauro&quot;,&quot;is_video&quot;:0,&quot;image_id&quot;:1447,&quot;width&quot;:2000,&quot;height&quot;:1333},{&quot;href&quot;:&quot;https:\\\/\\\/www.secretvillage.it\\\/blog\\\/wp-content\\\/uploads\\\/2025\\\/09\\\/antonio-marras-forte-malatesta-michele-di-mauro-3.jpg&quot;,&quot;title&quot;:&quot;Opera di Antonio Marras Foto: Michele Di Mauro&quot;,&quot;thumbnail&quot;:&quot;https:\\\/\\\/www.secretvillage.it\\\/blog\\\/wp-content\\\/uploads\\\/2025\\\/09\\\/antonio-marras-forte-malatesta-michele-di-mauro-3-150x150.jpg&quot;,&quot;description&quot;:&quot;Opera di Antonio Marras\\nFoto: Michele Di Mauro&quot;,&quot;is_video&quot;:0,&quot;image_id&quot;:1448,&quot;width&quot;:2000,&quot;height&quot;:1333}],&quot;lightbox&quot;:{&quot;enable&quot;:true,&quot;options&quot;:{&quot;instance&quot;:1}},&quot;items&quot;:[{&quot;href&quot;:&quot;https:\\\/\\\/www.secretvillage.it\\\/blog\\\/wp-content\\\/uploads\\\/2025\\\/09\\\/forte-malatesta-ascoli-piceno-michele-di-mauro-1-scaled.jpg&quot;,&quot;title&quot;:&quot;Corte della rocca malatestiana Foto: Michele Di Mauro&quot;,&quot;thumbnail&quot;:&quot;https:\\\/\\\/www.secretvillage.it\\\/blog\\\/wp-content\\\/uploads\\\/2025\\\/09\\\/forte-malatesta-ascoli-piceno-michele-di-mauro-1-150x150.jpg&quot;,&quot;description&quot;:&quot;Corte della rocca malatestiana\\nFoto: Michele Di Mauro&quot;,&quot;is_video&quot;:0,&quot;image_id&quot;:1452,&quot;width&quot;:1707,&quot;height&quot;:2560},{&quot;href&quot;:&quot;https:\\\/\\\/www.secretvillage.it\\\/blog\\\/wp-content\\\/uploads\\\/2025\\\/09\\\/forte-malatesta-ascoli-piceno-michele-di-mauro-2.jpg&quot;,&quot;title&quot;:&quot;Corte della rocca malatestiana Foto: Michele Di Mauro&quot;,&quot;thumbnail&quot;:&quot;https:\\\/\\\/www.secretvillage.it\\\/blog\\\/wp-content\\\/uploads\\\/2025\\\/09\\\/forte-malatesta-ascoli-piceno-michele-di-mauro-2-150x150.jpg&quot;,&quot;description&quot;:&quot;Corte della rocca malatestiana\\nFoto: Michele Di Mauro&quot;,&quot;is_video&quot;:0,&quot;image_id&quot;:1453,&quot;width&quot;:2000,&quot;height&quot;:1333},{&quot;href&quot;:&quot;https:\\\/\\\/www.secretvillage.it\\\/blog\\\/wp-content\\\/uploads\\\/2025\\\/09\\\/forte-malatesta-ascoli-piceno-michele-di-mauro-5.jpg&quot;,&quot;title&quot;:&quot;Mastio del Forte Malatesta Foto: Michele Di Mauro&quot;,&quot;thumbnail&quot;:&quot;https:\\\/\\\/www.secretvillage.it\\\/blog\\\/wp-content\\\/uploads\\\/2025\\\/09\\\/forte-malatesta-ascoli-piceno-michele-di-mauro-5-150x150.jpg&quot;,&quot;description&quot;:&quot;Mastio del Forte Malatesta\\nFoto: Michele Di Mauro&quot;,&quot;is_video&quot;:0,&quot;image_id&quot;:1451,&quot;width&quot;:2000,&quot;height&quot;:1333},{&quot;href&quot;:&quot;https:\\\/\\\/www.secretvillage.it\\\/blog\\\/wp-content\\\/uploads\\\/2025\\\/09\\\/museo-archeologico-nazionale-ascoli-michele-di-mauro-fotografia.jpg&quot;,&quot;title&quot;:&quot;Museo dell&#039;Alto Medioevo Foto: Michele Di Mauro&quot;,&quot;thumbnail&quot;:&quot;https:\\\/\\\/www.secretvillage.it\\\/blog\\\/wp-content\\\/uploads\\\/2025\\\/09\\\/museo-archeologico-nazionale-ascoli-michele-di-mauro-fotografia-150x150.jpg&quot;,&quot;description&quot;:&quot;Museo dell&#039;Alto Medioevo\\nFoto: Michele Di Mauro&quot;,&quot;is_video&quot;:0,&quot;image_id&quot;:1449,&quot;width&quot;:2000,&quot;height&quot;:1333},{&quot;href&quot;:&quot;https:\\\/\\\/www.secretvillage.it\\\/blog\\\/wp-content\\\/uploads\\\/2025\\\/09\\\/forte-malatesta-ascoli-piceno-michele-di-mauro-3.jpg&quot;,&quot;title&quot;:&quot;Corte della rocca malatestiana Foto: Michele Di Mauro&quot;,&quot;thumbnail&quot;:&quot;https:\\\/\\\/www.secretvillage.it\\\/blog\\\/wp-content\\\/uploads\\\/2025\\\/09\\\/forte-malatesta-ascoli-piceno-michele-di-mauro-3-150x150.jpg&quot;,&quot;description&quot;:&quot;Corte della rocca malatestiana\\nFoto: Michele Di Mauro&quot;,&quot;is_video&quot;:0,&quot;image_id&quot;:1450,&quot;width&quot;:2000,&quot;height&quot;:1333},{&quot;href&quot;:&quot;https:\\\/\\\/www.secretvillage.it\\\/blog\\\/wp-content\\\/uploads\\\/2025\\\/09\\\/antonio-marras-forte-malatesta-michele-di-mauro-1.jpg&quot;,&quot;title&quot;:&quot;Opera di Antonio Marras Foto: Michele Di Mauro&quot;,&quot;thumbnail&quot;:&quot;https:\\\/\\\/www.secretvillage.it\\\/blog\\\/wp-content\\\/uploads\\\/2025\\\/09\\\/antonio-marras-forte-malatesta-michele-di-mauro-1-150x150.jpg&quot;,&quot;description&quot;:&quot;Opera di Antonio Marras\\nFoto: Michele Di Mauro&quot;,&quot;is_video&quot;:0,&quot;image_id&quot;:1446,&quot;width&quot;:2000,&quot;height&quot;:1333},{&quot;href&quot;:&quot;https:\\\/\\\/www.secretvillage.it\\\/blog\\\/wp-content\\\/uploads\\\/2025\\\/09\\\/antonio-marras-forte-malatesta-michele-di-mauro-2.jpg&quot;,&quot;title&quot;:&quot;Opera di Antonio Marras Foto: Michele Di Mauro&quot;,&quot;thumbnail&quot;:&quot;https:\\\/\\\/www.secretvillage.it\\\/blog\\\/wp-content\\\/uploads\\\/2025\\\/09\\\/antonio-marras-forte-malatesta-michele-di-mauro-2-150x150.jpg&quot;,&quot;description&quot;:&quot;Opera di Antonio Marras\\nFoto: Michele Di Mauro&quot;,&quot;is_video&quot;:0,&quot;image_id&quot;:1447,&quot;width&quot;:2000,&quot;height&quot;:1333},{&quot;href&quot;:&quot;https:\\\/\\\/www.secretvillage.it\\\/blog\\\/wp-content\\\/uploads\\\/2025\\\/09\\\/antonio-marras-forte-malatesta-michele-di-mauro-3.jpg&quot;,&quot;title&quot;:&quot;Opera di Antonio Marras Foto: Michele Di Mauro&quot;,&quot;thumbnail&quot;:&quot;https:\\\/\\\/www.secretvillage.it\\\/blog\\\/wp-content\\\/uploads\\\/2025\\\/09\\\/antonio-marras-forte-malatesta-michele-di-mauro-3-150x150.jpg&quot;,&quot;description&quot;:&quot;Opera di Antonio Marras\\nFoto: Michele Di Mauro&quot;,&quot;is_video&quot;:0,&quot;image_id&quot;:1448,&quot;width&quot;:2000,&quot;height&quot;:1333}]}\">\r\n\t\t\t<div class=\"gallery-isotope-wrapper\">\r\n\t\t\t\t<div class=\"gt3pg-isotope-item loading \"  title=\"Corte della rocca malatestiana Foto: Michele Di Mauro\"><div class=\"isotope_item-wrapper\"><a href=\"https:\/\/www.secretvillage.it\/blog\/wp-content\/uploads\/2025\/09\/forte-malatesta-ascoli-piceno-michele-di-mauro-1-768x1152.jpg\" class=\"gt3pg-lightbox\" data-elementor-open-lightbox=\"no\"><div class=\"img-wrapper has_text_info\"><img fetchpriority=\"high\" decoding=\"async\" width=\"768\" height=\"1152\" src=\"https:\/\/www.secretvillage.it\/blog\/wp-content\/uploads\/2025\/09\/forte-malatesta-ascoli-piceno-michele-di-mauro-1-768x1152.jpg\" class=\"skip-lazy gt3-lazy-image\" alt=\"Corte della rocca malatestiana Foto: Michele Di Mauro\" data-lazy-srcset=\"https:\/\/www.secretvillage.it\/blog\/wp-content\/uploads\/2025\/09\/forte-malatesta-ascoli-piceno-michele-di-mauro-1-768x1152.jpg 768w, https:\/\/www.secretvillage.it\/blog\/wp-content\/uploads\/2025\/09\/forte-malatesta-ascoli-piceno-michele-di-mauro-1-200x300.jpg 200w, https:\/\/www.secretvillage.it\/blog\/wp-content\/uploads\/2025\/09\/forte-malatesta-ascoli-piceno-michele-di-mauro-1-683x1024.jpg 683w\" data-lazy-sizes=\"(max-width: 768px) 100vw, 768px\" data-lazy-src=\"https:\/\/www.secretvillage.it\/blog\/wp-content\/uploads\/2025\/09\/forte-malatesta-ascoli-piceno-michele-di-mauro-1-768x1152.jpg?is-pending-load=1\" srcset=\"data:image\/png;base64,iVBORw0KGgoAAAANSUhEUgAAAE0AAAByCAYAAAAWJVzIAAAACXBIWXMAAA7EAAAOxAGVKw4bAAAAOUlEQVR42u3BMQEAAADCoPVPbQ0PoAAAAAAAAAAAAAAAAAAAAAAAAAAAAAAAAAAAAAAAAAAAAABeDImaAAFUjfGlAAAAAElFTkSuQmCC\" \/><\/div><\/a><\/div><div class=\"text_info_wrapper\"><div class=\"text_wrap_title\"><span class=\"title\">Corte della rocca malatestiana Foto: Michele Di Mauro<\/span><\/div><\/div><\/div><div class=\"gt3pg-isotope-item loading \"  title=\"Corte della rocca malatestiana Foto: Michele Di Mauro\"><div class=\"isotope_item-wrapper\"><a href=\"https:\/\/www.secretvillage.it\/blog\/wp-content\/uploads\/2025\/09\/forte-malatesta-ascoli-piceno-michele-di-mauro-2-768x512.jpg\" class=\"gt3pg-lightbox\" data-elementor-open-lightbox=\"no\"><div class=\"img-wrapper has_text_info\"><img decoding=\"async\" width=\"768\" height=\"512\" src=\"https:\/\/www.secretvillage.it\/blog\/wp-content\/uploads\/2025\/09\/forte-malatesta-ascoli-piceno-michele-di-mauro-2-768x512.jpg\" class=\"skip-lazy gt3-lazy-image\" alt=\"Corte della rocca malatestiana Foto: Michele Di Mauro\" data-lazy-srcset=\"https:\/\/www.secretvillage.it\/blog\/wp-content\/uploads\/2025\/09\/forte-malatesta-ascoli-piceno-michele-di-mauro-2-768x512.jpg 768w, https:\/\/www.secretvillage.it\/blog\/wp-content\/uploads\/2025\/09\/forte-malatesta-ascoli-piceno-michele-di-mauro-2-300x200.jpg 300w\" data-lazy-sizes=\"(max-width: 768px) 100vw, 768px\" data-lazy-src=\"https:\/\/www.secretvillage.it\/blog\/wp-content\/uploads\/2025\/09\/forte-malatesta-ascoli-piceno-michele-di-mauro-2-768x512.jpg?is-pending-load=1\" srcset=\"data:image\/png;base64,iVBORw0KGgoAAAANSUhEUgAAAE0AAAAzCAYAAADSIYUBAAAACXBIWXMAAA7EAAAOxAGVKw4bAAAAJklEQVRo3u3BgQAAAADDoPlTX+AIVQEAAAAAAAAAAAAAAAAAAHAMPY8AAQeL\/AcAAAAASUVORK5CYII=\" \/><\/div><\/a><\/div><div class=\"text_info_wrapper\"><div class=\"text_wrap_title\"><span class=\"title\">Corte della rocca malatestiana Foto: Michele Di Mauro<\/span><\/div><\/div><\/div><div class=\"gt3pg-isotope-item loading \"  title=\"Mastio del Forte Malatesta Foto: Michele Di Mauro\"><div class=\"isotope_item-wrapper\"><a href=\"https:\/\/www.secretvillage.it\/blog\/wp-content\/uploads\/2025\/09\/forte-malatesta-ascoli-piceno-michele-di-mauro-5-768x512.jpg\" class=\"gt3pg-lightbox\" data-elementor-open-lightbox=\"no\"><div class=\"img-wrapper has_text_info\"><img decoding=\"async\" width=\"768\" height=\"512\" src=\"https:\/\/www.secretvillage.it\/blog\/wp-content\/uploads\/2025\/09\/forte-malatesta-ascoli-piceno-michele-di-mauro-5-768x512.jpg\" class=\"skip-lazy gt3-lazy-image\" alt=\"Mastio del Forte Malatesta Foto: Michele Di Mauro\" data-lazy-srcset=\"https:\/\/www.secretvillage.it\/blog\/wp-content\/uploads\/2025\/09\/forte-malatesta-ascoli-piceno-michele-di-mauro-5-768x512.jpg 768w, https:\/\/www.secretvillage.it\/blog\/wp-content\/uploads\/2025\/09\/forte-malatesta-ascoli-piceno-michele-di-mauro-5-300x200.jpg 300w\" data-lazy-sizes=\"(max-width: 768px) 100vw, 768px\" data-lazy-src=\"https:\/\/www.secretvillage.it\/blog\/wp-content\/uploads\/2025\/09\/forte-malatesta-ascoli-piceno-michele-di-mauro-5-768x512.jpg?is-pending-load=1\" srcset=\"data:image\/png;base64,iVBORw0KGgoAAAANSUhEUgAAAE0AAAAzCAYAAADSIYUBAAAACXBIWXMAAA7EAAAOxAGVKw4bAAAAJklEQVRo3u3BgQAAAADDoPlTX+AIVQEAAAAAAAAAAAAAAAAAAHAMPY8AAQeL\/AcAAAAASUVORK5CYII=\" \/><\/div><\/a><\/div><div class=\"text_info_wrapper\"><div class=\"text_wrap_title\"><span class=\"title\">Mastio del Forte Malatesta Foto: Michele Di Mauro<\/span><\/div><\/div><\/div><div class=\"gt3pg-isotope-item loading \"  title=\"Museo dell&#039;Alto Medioevo Foto: Michele Di Mauro\"><div class=\"isotope_item-wrapper\"><a href=\"https:\/\/www.secretvillage.it\/blog\/wp-content\/uploads\/2025\/09\/museo-archeologico-nazionale-ascoli-michele-di-mauro-fotografia-768x512.jpg\" class=\"gt3pg-lightbox\" data-elementor-open-lightbox=\"no\"><div class=\"img-wrapper has_text_info\"><img loading=\"lazy\" decoding=\"async\" width=\"768\" height=\"512\" src=\"https:\/\/www.secretvillage.it\/blog\/wp-content\/uploads\/2025\/09\/museo-archeologico-nazionale-ascoli-michele-di-mauro-fotografia-768x512.jpg\" class=\"skip-lazy gt3-lazy-image\" alt=\"Museo dell&#039;Alto Medioevo Foto: Michele Di Mauro\" data-lazy-srcset=\"https:\/\/www.secretvillage.it\/blog\/wp-content\/uploads\/2025\/09\/museo-archeologico-nazionale-ascoli-michele-di-mauro-fotografia-768x512.jpg 768w, https:\/\/www.secretvillage.it\/blog\/wp-content\/uploads\/2025\/09\/museo-archeologico-nazionale-ascoli-michele-di-mauro-fotografia-300x200.jpg 300w\" data-lazy-sizes=\"(max-width: 768px) 100vw, 768px\" data-lazy-src=\"https:\/\/www.secretvillage.it\/blog\/wp-content\/uploads\/2025\/09\/museo-archeologico-nazionale-ascoli-michele-di-mauro-fotografia-768x512.jpg?is-pending-load=1\" srcset=\"data:image\/png;base64,iVBORw0KGgoAAAANSUhEUgAAAE0AAAAzCAYAAADSIYUBAAAACXBIWXMAAA7EAAAOxAGVKw4bAAAAJklEQVRo3u3BgQAAAADDoPlTX+AIVQEAAAAAAAAAAAAAAAAAAHAMPY8AAQeL\/AcAAAAASUVORK5CYII=\" \/><\/div><\/a><\/div><div class=\"text_info_wrapper\"><div class=\"text_wrap_title\"><span class=\"title\">Museo dell&#039;Alto Medioevo Foto: Michele Di Mauro<\/span><\/div><\/div><\/div><div class=\"gt3pg-isotope-item loading \"  title=\"Corte della rocca malatestiana Foto: Michele Di Mauro\"><div class=\"isotope_item-wrapper\"><a href=\"https:\/\/www.secretvillage.it\/blog\/wp-content\/uploads\/2025\/09\/forte-malatesta-ascoli-piceno-michele-di-mauro-3-768x512.jpg\" class=\"gt3pg-lightbox\" data-elementor-open-lightbox=\"no\"><div class=\"img-wrapper has_text_info\"><img loading=\"lazy\" decoding=\"async\" width=\"768\" height=\"512\" src=\"https:\/\/www.secretvillage.it\/blog\/wp-content\/uploads\/2025\/09\/forte-malatesta-ascoli-piceno-michele-di-mauro-3-768x512.jpg\" class=\"skip-lazy gt3-lazy-image\" alt=\"Corte della rocca malatestiana Foto: Michele Di Mauro\" data-lazy-srcset=\"https:\/\/www.secretvillage.it\/blog\/wp-content\/uploads\/2025\/09\/forte-malatesta-ascoli-piceno-michele-di-mauro-3-768x512.jpg 768w, https:\/\/www.secretvillage.it\/blog\/wp-content\/uploads\/2025\/09\/forte-malatesta-ascoli-piceno-michele-di-mauro-3-300x200.jpg 300w\" data-lazy-sizes=\"(max-width: 768px) 100vw, 768px\" data-lazy-src=\"https:\/\/www.secretvillage.it\/blog\/wp-content\/uploads\/2025\/09\/forte-malatesta-ascoli-piceno-michele-di-mauro-3-768x512.jpg?is-pending-load=1\" srcset=\"data:image\/png;base64,iVBORw0KGgoAAAANSUhEUgAAAE0AAAAzCAYAAADSIYUBAAAACXBIWXMAAA7EAAAOxAGVKw4bAAAAJklEQVRo3u3BgQAAAADDoPlTX+AIVQEAAAAAAAAAAAAAAAAAAHAMPY8AAQeL\/AcAAAAASUVORK5CYII=\" \/><\/div><\/a><\/div><div class=\"text_info_wrapper\"><div class=\"text_wrap_title\"><span class=\"title\">Corte della rocca malatestiana Foto: Michele Di Mauro<\/span><\/div><\/div><\/div><div class=\"gt3pg-isotope-item loading \"  title=\"Opera di Antonio Marras Foto: Michele Di Mauro\"><div class=\"isotope_item-wrapper\"><a href=\"https:\/\/www.secretvillage.it\/blog\/wp-content\/uploads\/2025\/09\/antonio-marras-forte-malatesta-michele-di-mauro-1-768x512.jpg\" class=\"gt3pg-lightbox\" data-elementor-open-lightbox=\"no\"><div class=\"img-wrapper has_text_info\"><img loading=\"lazy\" decoding=\"async\" width=\"768\" height=\"512\" src=\"https:\/\/www.secretvillage.it\/blog\/wp-content\/uploads\/2025\/09\/antonio-marras-forte-malatesta-michele-di-mauro-1-768x512.jpg\" class=\"skip-lazy gt3-lazy-image\" alt=\"Opera di Antonio Marras Foto: Michele Di Mauro\" data-lazy-srcset=\"https:\/\/www.secretvillage.it\/blog\/wp-content\/uploads\/2025\/09\/antonio-marras-forte-malatesta-michele-di-mauro-1-768x512.jpg 768w, https:\/\/www.secretvillage.it\/blog\/wp-content\/uploads\/2025\/09\/antonio-marras-forte-malatesta-michele-di-mauro-1-300x200.jpg 300w\" data-lazy-sizes=\"(max-width: 768px) 100vw, 768px\" data-lazy-src=\"https:\/\/www.secretvillage.it\/blog\/wp-content\/uploads\/2025\/09\/antonio-marras-forte-malatesta-michele-di-mauro-1-768x512.jpg?is-pending-load=1\" srcset=\"data:image\/png;base64,iVBORw0KGgoAAAANSUhEUgAAAE0AAAAzCAYAAADSIYUBAAAACXBIWXMAAA7EAAAOxAGVKw4bAAAAJklEQVRo3u3BgQAAAADDoPlTX+AIVQEAAAAAAAAAAAAAAAAAAHAMPY8AAQeL\/AcAAAAASUVORK5CYII=\" \/><\/div><\/a><\/div><div class=\"text_info_wrapper\"><div class=\"text_wrap_title\"><span class=\"title\">Opera di Antonio Marras Foto: Michele Di Mauro<\/span><\/div><\/div><\/div><div class=\"gt3pg-isotope-item loading \"  title=\"Opera di Antonio Marras Foto: Michele Di Mauro\"><div class=\"isotope_item-wrapper\"><a href=\"https:\/\/www.secretvillage.it\/blog\/wp-content\/uploads\/2025\/09\/antonio-marras-forte-malatesta-michele-di-mauro-2-768x512.jpg\" class=\"gt3pg-lightbox\" data-elementor-open-lightbox=\"no\"><div class=\"img-wrapper has_text_info\"><img loading=\"lazy\" decoding=\"async\" width=\"768\" height=\"512\" src=\"https:\/\/www.secretvillage.it\/blog\/wp-content\/uploads\/2025\/09\/antonio-marras-forte-malatesta-michele-di-mauro-2-768x512.jpg\" class=\"skip-lazy gt3-lazy-image\" alt=\"Opera di Antonio Marras Foto: Michele Di Mauro\" data-lazy-srcset=\"https:\/\/www.secretvillage.it\/blog\/wp-content\/uploads\/2025\/09\/antonio-marras-forte-malatesta-michele-di-mauro-2-768x512.jpg 768w, https:\/\/www.secretvillage.it\/blog\/wp-content\/uploads\/2025\/09\/antonio-marras-forte-malatesta-michele-di-mauro-2-300x200.jpg 300w\" data-lazy-sizes=\"(max-width: 768px) 100vw, 768px\" data-lazy-src=\"https:\/\/www.secretvillage.it\/blog\/wp-content\/uploads\/2025\/09\/antonio-marras-forte-malatesta-michele-di-mauro-2-768x512.jpg?is-pending-load=1\" srcset=\"data:image\/png;base64,iVBORw0KGgoAAAANSUhEUgAAAE0AAAAzCAYAAADSIYUBAAAACXBIWXMAAA7EAAAOxAGVKw4bAAAAJklEQVRo3u3BgQAAAADDoPlTX+AIVQEAAAAAAAAAAAAAAAAAAHAMPY8AAQeL\/AcAAAAASUVORK5CYII=\" \/><\/div><\/a><\/div><div class=\"text_info_wrapper\"><div class=\"text_wrap_title\"><span class=\"title\">Opera di Antonio Marras Foto: Michele Di Mauro<\/span><\/div><\/div><\/div><div class=\"gt3pg-isotope-item loading \"  title=\"Opera di Antonio Marras Foto: Michele Di Mauro\"><div class=\"isotope_item-wrapper\"><a href=\"https:\/\/www.secretvillage.it\/blog\/wp-content\/uploads\/2025\/09\/antonio-marras-forte-malatesta-michele-di-mauro-3-768x512.jpg\" class=\"gt3pg-lightbox\" data-elementor-open-lightbox=\"no\"><div class=\"img-wrapper has_text_info\"><img loading=\"lazy\" decoding=\"async\" width=\"768\" height=\"512\" src=\"https:\/\/www.secretvillage.it\/blog\/wp-content\/uploads\/2025\/09\/antonio-marras-forte-malatesta-michele-di-mauro-3-768x512.jpg\" class=\"skip-lazy gt3-lazy-image\" alt=\"Opera di Antonio Marras Foto: Michele Di Mauro\" data-lazy-srcset=\"https:\/\/www.secretvillage.it\/blog\/wp-content\/uploads\/2025\/09\/antonio-marras-forte-malatesta-michele-di-mauro-3-768x512.jpg 768w, https:\/\/www.secretvillage.it\/blog\/wp-content\/uploads\/2025\/09\/antonio-marras-forte-malatesta-michele-di-mauro-3-300x200.jpg 300w\" data-lazy-sizes=\"(max-width: 768px) 100vw, 768px\" data-lazy-src=\"https:\/\/www.secretvillage.it\/blog\/wp-content\/uploads\/2025\/09\/antonio-marras-forte-malatesta-michele-di-mauro-3-768x512.jpg?is-pending-load=1\" srcset=\"data:image\/png;base64,iVBORw0KGgoAAAANSUhEUgAAAE0AAAAzCAYAAADSIYUBAAAACXBIWXMAAA7EAAAOxAGVKw4bAAAAJklEQVRo3u3BgQAAAADDoPlTX+AIVQEAAAAAAAAAAAAAAAAAAHAMPY8AAQeL\/AcAAAAASUVORK5CYII=\" \/><\/div><\/a><\/div><div class=\"text_info_wrapper\"><div class=\"text_wrap_title\"><span class=\"title\">Opera di Antonio Marras Foto: Michele Di Mauro<\/span><\/div><\/div><\/div>\t\t\t<\/div>\r\n\t\t<\/div>\r\n\t\t<script type=\"application\/json\" id=\"settings--uid-dabbc8e67a76a148\">{\"id\":1,\"uid\":\"uid-dabbc8e67a76a148\",\"grid_type\":\"square\",\"modules\":[\"Lightbox\"],\"lightboxArray\":[{\"href\":\"https:\\\/\\\/www.secretvillage.it\\\/blog\\\/wp-content\\\/uploads\\\/2025\\\/09\\\/forte-malatesta-ascoli-piceno-michele-di-mauro-1-scaled.jpg\",\"title\":\"Corte della rocca malatestiana Foto: Michele Di Mauro\",\"thumbnail\":\"https:\\\/\\\/www.secretvillage.it\\\/blog\\\/wp-content\\\/uploads\\\/2025\\\/09\\\/forte-malatesta-ascoli-piceno-michele-di-mauro-1-150x150.jpg\",\"description\":\"Corte della rocca malatestiana\\nFoto: Michele Di Mauro\",\"is_video\":0,\"image_id\":1452,\"width\":1707,\"height\":2560},{\"href\":\"https:\\\/\\\/www.secretvillage.it\\\/blog\\\/wp-content\\\/uploads\\\/2025\\\/09\\\/forte-malatesta-ascoli-piceno-michele-di-mauro-2.jpg\",\"title\":\"Corte della rocca malatestiana Foto: Michele Di Mauro\",\"thumbnail\":\"https:\\\/\\\/www.secretvillage.it\\\/blog\\\/wp-content\\\/uploads\\\/2025\\\/09\\\/forte-malatesta-ascoli-piceno-michele-di-mauro-2-150x150.jpg\",\"description\":\"Corte della rocca malatestiana\\nFoto: Michele Di Mauro\",\"is_video\":0,\"image_id\":1453,\"width\":2000,\"height\":1333},{\"href\":\"https:\\\/\\\/www.secretvillage.it\\\/blog\\\/wp-content\\\/uploads\\\/2025\\\/09\\\/forte-malatesta-ascoli-piceno-michele-di-mauro-5.jpg\",\"title\":\"Mastio del Forte Malatesta Foto: Michele Di Mauro\",\"thumbnail\":\"https:\\\/\\\/www.secretvillage.it\\\/blog\\\/wp-content\\\/uploads\\\/2025\\\/09\\\/forte-malatesta-ascoli-piceno-michele-di-mauro-5-150x150.jpg\",\"description\":\"Mastio del Forte Malatesta\\nFoto: Michele Di Mauro\",\"is_video\":0,\"image_id\":1451,\"width\":2000,\"height\":1333},{\"href\":\"https:\\\/\\\/www.secretvillage.it\\\/blog\\\/wp-content\\\/uploads\\\/2025\\\/09\\\/museo-archeologico-nazionale-ascoli-michele-di-mauro-fotografia.jpg\",\"title\":\"Museo dell'Alto Medioevo Foto: Michele Di Mauro\",\"thumbnail\":\"https:\\\/\\\/www.secretvillage.it\\\/blog\\\/wp-content\\\/uploads\\\/2025\\\/09\\\/museo-archeologico-nazionale-ascoli-michele-di-mauro-fotografia-150x150.jpg\",\"description\":\"Museo dell'Alto Medioevo\\nFoto: Michele Di Mauro\",\"is_video\":0,\"image_id\":1449,\"width\":2000,\"height\":1333},{\"href\":\"https:\\\/\\\/www.secretvillage.it\\\/blog\\\/wp-content\\\/uploads\\\/2025\\\/09\\\/forte-malatesta-ascoli-piceno-michele-di-mauro-3.jpg\",\"title\":\"Corte della rocca malatestiana Foto: Michele Di Mauro\",\"thumbnail\":\"https:\\\/\\\/www.secretvillage.it\\\/blog\\\/wp-content\\\/uploads\\\/2025\\\/09\\\/forte-malatesta-ascoli-piceno-michele-di-mauro-3-150x150.jpg\",\"description\":\"Corte della rocca malatestiana\\nFoto: Michele Di Mauro\",\"is_video\":0,\"image_id\":1450,\"width\":2000,\"height\":1333},{\"href\":\"https:\\\/\\\/www.secretvillage.it\\\/blog\\\/wp-content\\\/uploads\\\/2025\\\/09\\\/antonio-marras-forte-malatesta-michele-di-mauro-1.jpg\",\"title\":\"Opera di Antonio Marras Foto: Michele Di Mauro\",\"thumbnail\":\"https:\\\/\\\/www.secretvillage.it\\\/blog\\\/wp-content\\\/uploads\\\/2025\\\/09\\\/antonio-marras-forte-malatesta-michele-di-mauro-1-150x150.jpg\",\"description\":\"Opera di Antonio Marras\\nFoto: Michele Di Mauro\",\"is_video\":0,\"image_id\":1446,\"width\":2000,\"height\":1333},{\"href\":\"https:\\\/\\\/www.secretvillage.it\\\/blog\\\/wp-content\\\/uploads\\\/2025\\\/09\\\/antonio-marras-forte-malatesta-michele-di-mauro-2.jpg\",\"title\":\"Opera di Antonio Marras Foto: Michele Di Mauro\",\"thumbnail\":\"https:\\\/\\\/www.secretvillage.it\\\/blog\\\/wp-content\\\/uploads\\\/2025\\\/09\\\/antonio-marras-forte-malatesta-michele-di-mauro-2-150x150.jpg\",\"description\":\"Opera di Antonio Marras\\nFoto: Michele Di Mauro\",\"is_video\":0,\"image_id\":1447,\"width\":2000,\"height\":1333},{\"href\":\"https:\\\/\\\/www.secretvillage.it\\\/blog\\\/wp-content\\\/uploads\\\/2025\\\/09\\\/antonio-marras-forte-malatesta-michele-di-mauro-3.jpg\",\"title\":\"Opera di Antonio Marras Foto: Michele Di Mauro\",\"thumbnail\":\"https:\\\/\\\/www.secretvillage.it\\\/blog\\\/wp-content\\\/uploads\\\/2025\\\/09\\\/antonio-marras-forte-malatesta-michele-di-mauro-3-150x150.jpg\",\"description\":\"Opera di Antonio Marras\\nFoto: Michele Di Mauro\",\"is_video\":0,\"image_id\":1448,\"width\":2000,\"height\":1333}],\"lightbox\":{\"enable\":true,\"options\":{\"instance\":1}},\"items\":[{\"href\":\"https:\\\/\\\/www.secretvillage.it\\\/blog\\\/wp-content\\\/uploads\\\/2025\\\/09\\\/forte-malatesta-ascoli-piceno-michele-di-mauro-1-scaled.jpg\",\"title\":\"Corte della rocca malatestiana Foto: Michele Di Mauro\",\"thumbnail\":\"https:\\\/\\\/www.secretvillage.it\\\/blog\\\/wp-content\\\/uploads\\\/2025\\\/09\\\/forte-malatesta-ascoli-piceno-michele-di-mauro-1-150x150.jpg\",\"description\":\"Corte della rocca malatestiana\\nFoto: Michele Di Mauro\",\"is_video\":0,\"image_id\":1452,\"width\":1707,\"height\":2560},{\"href\":\"https:\\\/\\\/www.secretvillage.it\\\/blog\\\/wp-content\\\/uploads\\\/2025\\\/09\\\/forte-malatesta-ascoli-piceno-michele-di-mauro-2.jpg\",\"title\":\"Corte della rocca malatestiana Foto: Michele Di Mauro\",\"thumbnail\":\"https:\\\/\\\/www.secretvillage.it\\\/blog\\\/wp-content\\\/uploads\\\/2025\\\/09\\\/forte-malatesta-ascoli-piceno-michele-di-mauro-2-150x150.jpg\",\"description\":\"Corte della rocca malatestiana\\nFoto: Michele Di Mauro\",\"is_video\":0,\"image_id\":1453,\"width\":2000,\"height\":1333},{\"href\":\"https:\\\/\\\/www.secretvillage.it\\\/blog\\\/wp-content\\\/uploads\\\/2025\\\/09\\\/forte-malatesta-ascoli-piceno-michele-di-mauro-5.jpg\",\"title\":\"Mastio del Forte Malatesta Foto: Michele Di Mauro\",\"thumbnail\":\"https:\\\/\\\/www.secretvillage.it\\\/blog\\\/wp-content\\\/uploads\\\/2025\\\/09\\\/forte-malatesta-ascoli-piceno-michele-di-mauro-5-150x150.jpg\",\"description\":\"Mastio del Forte Malatesta\\nFoto: Michele Di Mauro\",\"is_video\":0,\"image_id\":1451,\"width\":2000,\"height\":1333},{\"href\":\"https:\\\/\\\/www.secretvillage.it\\\/blog\\\/wp-content\\\/uploads\\\/2025\\\/09\\\/museo-archeologico-nazionale-ascoli-michele-di-mauro-fotografia.jpg\",\"title\":\"Museo dell'Alto Medioevo Foto: Michele Di Mauro\",\"thumbnail\":\"https:\\\/\\\/www.secretvillage.it\\\/blog\\\/wp-content\\\/uploads\\\/2025\\\/09\\\/museo-archeologico-nazionale-ascoli-michele-di-mauro-fotografia-150x150.jpg\",\"description\":\"Museo dell'Alto Medioevo\\nFoto: Michele Di Mauro\",\"is_video\":0,\"image_id\":1449,\"width\":2000,\"height\":1333},{\"href\":\"https:\\\/\\\/www.secretvillage.it\\\/blog\\\/wp-content\\\/uploads\\\/2025\\\/09\\\/forte-malatesta-ascoli-piceno-michele-di-mauro-3.jpg\",\"title\":\"Corte della rocca malatestiana Foto: Michele Di Mauro\",\"thumbnail\":\"https:\\\/\\\/www.secretvillage.it\\\/blog\\\/wp-content\\\/uploads\\\/2025\\\/09\\\/forte-malatesta-ascoli-piceno-michele-di-mauro-3-150x150.jpg\",\"description\":\"Corte della rocca malatestiana\\nFoto: Michele Di Mauro\",\"is_video\":0,\"image_id\":1450,\"width\":2000,\"height\":1333},{\"href\":\"https:\\\/\\\/www.secretvillage.it\\\/blog\\\/wp-content\\\/uploads\\\/2025\\\/09\\\/antonio-marras-forte-malatesta-michele-di-mauro-1.jpg\",\"title\":\"Opera di Antonio Marras Foto: Michele Di Mauro\",\"thumbnail\":\"https:\\\/\\\/www.secretvillage.it\\\/blog\\\/wp-content\\\/uploads\\\/2025\\\/09\\\/antonio-marras-forte-malatesta-michele-di-mauro-1-150x150.jpg\",\"description\":\"Opera di Antonio Marras\\nFoto: Michele Di Mauro\",\"is_video\":0,\"image_id\":1446,\"width\":2000,\"height\":1333},{\"href\":\"https:\\\/\\\/www.secretvillage.it\\\/blog\\\/wp-content\\\/uploads\\\/2025\\\/09\\\/antonio-marras-forte-malatesta-michele-di-mauro-2.jpg\",\"title\":\"Opera di Antonio Marras Foto: Michele Di Mauro\",\"thumbnail\":\"https:\\\/\\\/www.secretvillage.it\\\/blog\\\/wp-content\\\/uploads\\\/2025\\\/09\\\/antonio-marras-forte-malatesta-michele-di-mauro-2-150x150.jpg\",\"description\":\"Opera di Antonio Marras\\nFoto: Michele Di Mauro\",\"is_video\":0,\"image_id\":1447,\"width\":2000,\"height\":1333},{\"href\":\"https:\\\/\\\/www.secretvillage.it\\\/blog\\\/wp-content\\\/uploads\\\/2025\\\/09\\\/antonio-marras-forte-malatesta-michele-di-mauro-3.jpg\",\"title\":\"Opera di Antonio Marras Foto: Michele Di Mauro\",\"thumbnail\":\"https:\\\/\\\/www.secretvillage.it\\\/blog\\\/wp-content\\\/uploads\\\/2025\\\/09\\\/antonio-marras-forte-malatesta-michele-di-mauro-3-150x150.jpg\",\"description\":\"Opera di Antonio Marras\\nFoto: Michele Di Mauro\",\"is_video\":0,\"image_id\":1448,\"width\":2000,\"height\":1333}]}<\/script>\r\n\t\t<\/div>","protected":false},"excerpt":{"rendered":"<p>Il Forte Malatesta \u00e8 uno dei simboli di Ascoli Piceno ed uno dei suoi contenitori culturali pi\u00f9 interessanti. Ospita il Museo dell&#8217;Alto Medioevo tra le sue mura dalle architetture ricercate e conservate nel tempo.<\/p>\n","protected":false},"author":2,"featured_media":1445,"comment_status":"open","ping_status":"open","sticky":false,"template":"","format":"standard","meta":{"inline_featured_image":false,"footnotes":""},"categories":[20],"tags":[18,77,28],"class_list":["post-1443","post","type-post","status-publish","format-standard","has-post-thumbnail","hentry","category-diario-di-viaggio","tag-diario-di-viaggio","tag-marche","tag-michele-di-mauro-fotografia"],"yoast_head":"<!-- This site is optimized with the Yoast SEO Premium plugin v22.3 (Yoast SEO v27.5) - https:\/\/yoast.com\/product\/yoast-seo-premium-wordpress\/ -->\n<title>Forte Malatesta di Ascoli Piceno - Secret Village<\/title>\n<meta name=\"description\" content=\"Forte Malatesta di Ascoli Piceno. La rocca veglia sull&#039;abitato della citt\u00e0 ascolana, oggi sede del Museo dell&#039;Alto Medioevo.\" \/>\n<meta name=\"robots\" content=\"index, follow, max-snippet:-1, max-image-preview:large, max-video-preview:-1\" \/>\n<link rel=\"canonical\" href=\"https:\/\/www.secretvillage.it\/blog\/diario-di-viaggio\/forte-malatesta-ascoli-piceno\/\" \/>\n<meta property=\"og:locale\" content=\"it_IT\" \/>\n<meta property=\"og:type\" content=\"article\" \/>\n<meta property=\"og:title\" content=\"Forte Malatesta di Ascoli Piceno\" \/>\n<meta property=\"og:description\" content=\"Forte Malatesta di Ascoli Piceno. La rocca veglia sull&#039;abitato della citt\u00e0 ascolana, oggi sede del Museo dell&#039;Alto Medioevo.\" \/>\n<meta property=\"og:url\" content=\"https:\/\/www.secretvillage.it\/blog\/diario-di-viaggio\/forte-malatesta-ascoli-piceno\/\" \/>\n<meta property=\"og:site_name\" content=\"Secret Village\" \/>\n<meta property=\"article:published_time\" content=\"2025-09-17T12:55:21+00:00\" \/>\n<meta property=\"article:modified_time\" content=\"2025-09-17T12:55:22+00:00\" \/>\n<meta property=\"og:image\" content=\"https:\/\/www.secretvillage.it\/blog\/wp-content\/uploads\/2025\/09\/forte-malatesta-ascoli-piceno-michele-di-mauro-4.jpg\" \/>\n\t<meta property=\"og:image:width\" content=\"2000\" \/>\n\t<meta property=\"og:image:height\" content=\"1333\" \/>\n\t<meta property=\"og:image:type\" content=\"image\/jpeg\" \/>\n<meta name=\"author\" content=\"Michele Di Mauro\" \/>\n<meta name=\"twitter:card\" content=\"summary_large_image\" \/>\n<meta name=\"twitter:label1\" content=\"Scritto da\" \/>\n\t<meta name=\"twitter:data1\" content=\"Michele Di Mauro\" \/>\n\t<meta name=\"twitter:label2\" content=\"Tempo di lettura stimato\" \/>\n\t<meta name=\"twitter:data2\" content=\"5 minuti\" \/>\n<script type=\"application\/ld+json\" class=\"yoast-schema-graph\">{\"@context\":\"https:\\\/\\\/schema.org\",\"@graph\":[{\"@type\":\"Article\",\"@id\":\"https:\\\/\\\/www.secretvillage.it\\\/blog\\\/diario-di-viaggio\\\/forte-malatesta-ascoli-piceno\\\/#article\",\"isPartOf\":{\"@id\":\"https:\\\/\\\/www.secretvillage.it\\\/blog\\\/diario-di-viaggio\\\/forte-malatesta-ascoli-piceno\\\/\"},\"author\":{\"name\":\"Michele Di Mauro\",\"@id\":\"https:\\\/\\\/www.secretvillage.it\\\/blog\\\/#\\\/schema\\\/person\\\/9f3e6ce7ab022e7474d37be9895cbab0\"},\"headline\":\"Forte Malatesta di Ascoli Piceno\",\"datePublished\":\"2025-09-17T12:55:21+00:00\",\"dateModified\":\"2025-09-17T12:55:22+00:00\",\"mainEntityOfPage\":{\"@id\":\"https:\\\/\\\/www.secretvillage.it\\\/blog\\\/diario-di-viaggio\\\/forte-malatesta-ascoli-piceno\\\/\"},\"wordCount\":889,\"commentCount\":0,\"publisher\":{\"@id\":\"https:\\\/\\\/www.secretvillage.it\\\/blog\\\/#organization\"},\"image\":{\"@id\":\"https:\\\/\\\/www.secretvillage.it\\\/blog\\\/diario-di-viaggio\\\/forte-malatesta-ascoli-piceno\\\/#primaryimage\"},\"thumbnailUrl\":\"https:\\\/\\\/www.secretvillage.it\\\/blog\\\/wp-content\\\/uploads\\\/2025\\\/09\\\/forte-malatesta-ascoli-piceno-michele-di-mauro-4.jpg\",\"keywords\":[\"diario di viaggio\",\"Marche\",\"michele di mauro fotografia\"],\"articleSection\":[\"Diario di viaggio\"],\"inLanguage\":\"it-IT\",\"potentialAction\":[{\"@type\":\"CommentAction\",\"name\":\"Comment\",\"target\":[\"https:\\\/\\\/www.secretvillage.it\\\/blog\\\/diario-di-viaggio\\\/forte-malatesta-ascoli-piceno\\\/#respond\"]}],\"copyrightYear\":\"2025\",\"copyrightHolder\":{\"@id\":\"https:\\\/\\\/www.secretvillage.it\\\/blog\\\/#organization\"}},{\"@type\":\"WebPage\",\"@id\":\"https:\\\/\\\/www.secretvillage.it\\\/blog\\\/diario-di-viaggio\\\/forte-malatesta-ascoli-piceno\\\/\",\"url\":\"https:\\\/\\\/www.secretvillage.it\\\/blog\\\/diario-di-viaggio\\\/forte-malatesta-ascoli-piceno\\\/\",\"name\":\"Forte Malatesta di Ascoli Piceno - Secret Village\",\"isPartOf\":{\"@id\":\"https:\\\/\\\/www.secretvillage.it\\\/blog\\\/#website\"},\"primaryImageOfPage\":{\"@id\":\"https:\\\/\\\/www.secretvillage.it\\\/blog\\\/diario-di-viaggio\\\/forte-malatesta-ascoli-piceno\\\/#primaryimage\"},\"image\":{\"@id\":\"https:\\\/\\\/www.secretvillage.it\\\/blog\\\/diario-di-viaggio\\\/forte-malatesta-ascoli-piceno\\\/#primaryimage\"},\"thumbnailUrl\":\"https:\\\/\\\/www.secretvillage.it\\\/blog\\\/wp-content\\\/uploads\\\/2025\\\/09\\\/forte-malatesta-ascoli-piceno-michele-di-mauro-4.jpg\",\"datePublished\":\"2025-09-17T12:55:21+00:00\",\"dateModified\":\"2025-09-17T12:55:22+00:00\",\"description\":\"Forte Malatesta di Ascoli Piceno. La rocca veglia sull'abitato della citt\u00e0 ascolana, oggi sede del Museo dell'Alto Medioevo.\",\"breadcrumb\":{\"@id\":\"https:\\\/\\\/www.secretvillage.it\\\/blog\\\/diario-di-viaggio\\\/forte-malatesta-ascoli-piceno\\\/#breadcrumb\"},\"inLanguage\":\"it-IT\",\"potentialAction\":[{\"@type\":\"ReadAction\",\"target\":[\"https:\\\/\\\/www.secretvillage.it\\\/blog\\\/diario-di-viaggio\\\/forte-malatesta-ascoli-piceno\\\/\"]}]},{\"@type\":\"ImageObject\",\"inLanguage\":\"it-IT\",\"@id\":\"https:\\\/\\\/www.secretvillage.it\\\/blog\\\/diario-di-viaggio\\\/forte-malatesta-ascoli-piceno\\\/#primaryimage\",\"url\":\"https:\\\/\\\/www.secretvillage.it\\\/blog\\\/wp-content\\\/uploads\\\/2025\\\/09\\\/forte-malatesta-ascoli-piceno-michele-di-mauro-4.jpg\",\"contentUrl\":\"https:\\\/\\\/www.secretvillage.it\\\/blog\\\/wp-content\\\/uploads\\\/2025\\\/09\\\/forte-malatesta-ascoli-piceno-michele-di-mauro-4.jpg\",\"width\":2000,\"height\":1333,\"caption\":\"Rocca Malatesta Foto: Michele Di Mauro\"},{\"@type\":\"BreadcrumbList\",\"@id\":\"https:\\\/\\\/www.secretvillage.it\\\/blog\\\/diario-di-viaggio\\\/forte-malatesta-ascoli-piceno\\\/#breadcrumb\",\"itemListElement\":[{\"@type\":\"ListItem\",\"position\":1,\"name\":\"Home\",\"item\":\"https:\\\/\\\/www.secretvillage.it\\\/blog\\\/\"},{\"@type\":\"ListItem\",\"position\":2,\"name\":\"Forte Malatesta di Ascoli Piceno\"}]},{\"@type\":\"WebSite\",\"@id\":\"https:\\\/\\\/www.secretvillage.it\\\/blog\\\/#website\",\"url\":\"https:\\\/\\\/www.secretvillage.it\\\/blog\\\/\",\"name\":\"Secret Village\",\"description\":\"L&#039;Italia che non ti aspetti\",\"publisher\":{\"@id\":\"https:\\\/\\\/www.secretvillage.it\\\/blog\\\/#organization\"},\"potentialAction\":[{\"@type\":\"SearchAction\",\"target\":{\"@type\":\"EntryPoint\",\"urlTemplate\":\"https:\\\/\\\/www.secretvillage.it\\\/blog\\\/?s={search_term_string}\"},\"query-input\":{\"@type\":\"PropertyValueSpecification\",\"valueRequired\":true,\"valueName\":\"search_term_string\"}}],\"inLanguage\":\"it-IT\"},{\"@type\":\"Organization\",\"@id\":\"https:\\\/\\\/www.secretvillage.it\\\/blog\\\/#organization\",\"name\":\"Secret Village\",\"url\":\"https:\\\/\\\/www.secretvillage.it\\\/blog\\\/\",\"logo\":{\"@type\":\"ImageObject\",\"inLanguage\":\"it-IT\",\"@id\":\"https:\\\/\\\/www.secretvillage.it\\\/blog\\\/#\\\/schema\\\/logo\\\/image\\\/\",\"url\":\"https:\\\/\\\/www.secretvillage.it\\\/blog\\\/wp-content\\\/uploads\\\/2024\\\/03\\\/logo_secret_village_3.svg\",\"contentUrl\":\"https:\\\/\\\/www.secretvillage.it\\\/blog\\\/wp-content\\\/uploads\\\/2024\\\/03\\\/logo_secret_village_3.svg\",\"width\":350,\"height\":350,\"caption\":\"Secret Village\"},\"image\":{\"@id\":\"https:\\\/\\\/www.secretvillage.it\\\/blog\\\/#\\\/schema\\\/logo\\\/image\\\/\"}},{\"@type\":\"Person\",\"@id\":\"https:\\\/\\\/www.secretvillage.it\\\/blog\\\/#\\\/schema\\\/person\\\/9f3e6ce7ab022e7474d37be9895cbab0\",\"name\":\"Michele Di Mauro\",\"image\":{\"@type\":\"ImageObject\",\"inLanguage\":\"it-IT\",\"@id\":\"https:\\\/\\\/www.secretvillage.it\\\/blog\\\/wp-content\\\/uploads\\\/2024\\\/03\\\/michele-di-mauro-fotografia-profilo-secret-village-150x150.jpg\",\"url\":\"https:\\\/\\\/www.secretvillage.it\\\/blog\\\/wp-content\\\/uploads\\\/2024\\\/03\\\/michele-di-mauro-fotografia-profilo-secret-village-150x150.jpg\",\"contentUrl\":\"https:\\\/\\\/www.secretvillage.it\\\/blog\\\/wp-content\\\/uploads\\\/2024\\\/03\\\/michele-di-mauro-fotografia-profilo-secret-village-150x150.jpg\",\"caption\":\"Michele Di Mauro\"},\"description\":\"Michele Di Mauro nasce nel 1986 a Putignano, citt\u00e0 del sud-est barese, ed inizia sin dalla giovane et\u00e0 la sperimentazione fotografica, per poi farne oggetto di approfondimento etico e tecnico nel periodo universitario. Negli anni di studio che hanno condotto al conseguimento della laurea in Giurisprudenza e alla professione di consulente legale, comincia ad appassionarsi alle vicende storiche del Paese, iniziando a tracciarne i contorni mediante la fotografia e la scrittura. Fotografo di reportage, nel 2019 cura la scena di \u201cSolitudine e sete\u201d, mediometraggio del regista Fedele Dalessandro, per il quale diriger\u00e0 la fotografia e scatti di scena, tra 2021 e 2024, del film \u201c2020 \u2013 L\u2019ultima primavera\u201d. Dal 2022 \u00e8 nel progetto Secret Village, curandone i contenuti testuali, fotografici, e proseguendo la scrittura di articoli. Nel 2023 \u00e8 FIOF Italian Photography Ambassador, esponendo in Albania. Il 2024 \u00e8 dato alle stampe il libro fotografico \u201cDistanti. Scatti e frammenti di spiritualit\u00e0 in tempo di Covid\u201d, ed. VivereIn.\",\"sameAs\":[\"https:\\\/\\\/www.micheledimaurofotografia.it\",\"https:\\\/\\\/www.instagram.com\\\/micheledimauro\\\/\"],\"url\":\"https:\\\/\\\/www.secretvillage.it\\\/blog\\\/autore\\\/michele\\\/\"}]}<\/script>\n<!-- \/ Yoast SEO Premium plugin. -->","yoast_head_json":{"title":"Forte Malatesta di Ascoli Piceno - Secret Village","description":"Forte Malatesta di Ascoli Piceno. La rocca veglia sull'abitato della citt\u00e0 ascolana, oggi sede del Museo dell'Alto Medioevo.","robots":{"index":"index","follow":"follow","max-snippet":"max-snippet:-1","max-image-preview":"max-image-preview:large","max-video-preview":"max-video-preview:-1"},"canonical":"https:\/\/www.secretvillage.it\/blog\/diario-di-viaggio\/forte-malatesta-ascoli-piceno\/","og_locale":"it_IT","og_type":"article","og_title":"Forte Malatesta di Ascoli Piceno","og_description":"Forte Malatesta di Ascoli Piceno. La rocca veglia sull'abitato della citt\u00e0 ascolana, oggi sede del Museo dell'Alto Medioevo.","og_url":"https:\/\/www.secretvillage.it\/blog\/diario-di-viaggio\/forte-malatesta-ascoli-piceno\/","og_site_name":"Secret Village","article_published_time":"2025-09-17T12:55:21+00:00","article_modified_time":"2025-09-17T12:55:22+00:00","og_image":[{"width":2000,"height":1333,"url":"https:\/\/www.secretvillage.it\/blog\/wp-content\/uploads\/2025\/09\/forte-malatesta-ascoli-piceno-michele-di-mauro-4.jpg","type":"image\/jpeg"}],"author":"Michele Di Mauro","twitter_card":"summary_large_image","twitter_misc":{"Scritto da":"Michele Di Mauro","Tempo di lettura stimato":"5 minuti"},"schema":{"@context":"https:\/\/schema.org","@graph":[{"@type":"Article","@id":"https:\/\/www.secretvillage.it\/blog\/diario-di-viaggio\/forte-malatesta-ascoli-piceno\/#article","isPartOf":{"@id":"https:\/\/www.secretvillage.it\/blog\/diario-di-viaggio\/forte-malatesta-ascoli-piceno\/"},"author":{"name":"Michele Di Mauro","@id":"https:\/\/www.secretvillage.it\/blog\/#\/schema\/person\/9f3e6ce7ab022e7474d37be9895cbab0"},"headline":"Forte Malatesta di Ascoli Piceno","datePublished":"2025-09-17T12:55:21+00:00","dateModified":"2025-09-17T12:55:22+00:00","mainEntityOfPage":{"@id":"https:\/\/www.secretvillage.it\/blog\/diario-di-viaggio\/forte-malatesta-ascoli-piceno\/"},"wordCount":889,"commentCount":0,"publisher":{"@id":"https:\/\/www.secretvillage.it\/blog\/#organization"},"image":{"@id":"https:\/\/www.secretvillage.it\/blog\/diario-di-viaggio\/forte-malatesta-ascoli-piceno\/#primaryimage"},"thumbnailUrl":"https:\/\/www.secretvillage.it\/blog\/wp-content\/uploads\/2025\/09\/forte-malatesta-ascoli-piceno-michele-di-mauro-4.jpg","keywords":["diario di viaggio","Marche","michele di mauro fotografia"],"articleSection":["Diario di viaggio"],"inLanguage":"it-IT","potentialAction":[{"@type":"CommentAction","name":"Comment","target":["https:\/\/www.secretvillage.it\/blog\/diario-di-viaggio\/forte-malatesta-ascoli-piceno\/#respond"]}],"copyrightYear":"2025","copyrightHolder":{"@id":"https:\/\/www.secretvillage.it\/blog\/#organization"}},{"@type":"WebPage","@id":"https:\/\/www.secretvillage.it\/blog\/diario-di-viaggio\/forte-malatesta-ascoli-piceno\/","url":"https:\/\/www.secretvillage.it\/blog\/diario-di-viaggio\/forte-malatesta-ascoli-piceno\/","name":"Forte Malatesta di Ascoli Piceno - Secret Village","isPartOf":{"@id":"https:\/\/www.secretvillage.it\/blog\/#website"},"primaryImageOfPage":{"@id":"https:\/\/www.secretvillage.it\/blog\/diario-di-viaggio\/forte-malatesta-ascoli-piceno\/#primaryimage"},"image":{"@id":"https:\/\/www.secretvillage.it\/blog\/diario-di-viaggio\/forte-malatesta-ascoli-piceno\/#primaryimage"},"thumbnailUrl":"https:\/\/www.secretvillage.it\/blog\/wp-content\/uploads\/2025\/09\/forte-malatesta-ascoli-piceno-michele-di-mauro-4.jpg","datePublished":"2025-09-17T12:55:21+00:00","dateModified":"2025-09-17T12:55:22+00:00","description":"Forte Malatesta di Ascoli Piceno. La rocca veglia sull'abitato della citt\u00e0 ascolana, oggi sede del Museo dell'Alto Medioevo.","breadcrumb":{"@id":"https:\/\/www.secretvillage.it\/blog\/diario-di-viaggio\/forte-malatesta-ascoli-piceno\/#breadcrumb"},"inLanguage":"it-IT","potentialAction":[{"@type":"ReadAction","target":["https:\/\/www.secretvillage.it\/blog\/diario-di-viaggio\/forte-malatesta-ascoli-piceno\/"]}]},{"@type":"ImageObject","inLanguage":"it-IT","@id":"https:\/\/www.secretvillage.it\/blog\/diario-di-viaggio\/forte-malatesta-ascoli-piceno\/#primaryimage","url":"https:\/\/www.secretvillage.it\/blog\/wp-content\/uploads\/2025\/09\/forte-malatesta-ascoli-piceno-michele-di-mauro-4.jpg","contentUrl":"https:\/\/www.secretvillage.it\/blog\/wp-content\/uploads\/2025\/09\/forte-malatesta-ascoli-piceno-michele-di-mauro-4.jpg","width":2000,"height":1333,"caption":"Rocca Malatesta Foto: Michele Di Mauro"},{"@type":"BreadcrumbList","@id":"https:\/\/www.secretvillage.it\/blog\/diario-di-viaggio\/forte-malatesta-ascoli-piceno\/#breadcrumb","itemListElement":[{"@type":"ListItem","position":1,"name":"Home","item":"https:\/\/www.secretvillage.it\/blog\/"},{"@type":"ListItem","position":2,"name":"Forte Malatesta di Ascoli Piceno"}]},{"@type":"WebSite","@id":"https:\/\/www.secretvillage.it\/blog\/#website","url":"https:\/\/www.secretvillage.it\/blog\/","name":"Secret Village","description":"L&#039;Italia che non ti aspetti","publisher":{"@id":"https:\/\/www.secretvillage.it\/blog\/#organization"},"potentialAction":[{"@type":"SearchAction","target":{"@type":"EntryPoint","urlTemplate":"https:\/\/www.secretvillage.it\/blog\/?s={search_term_string}"},"query-input":{"@type":"PropertyValueSpecification","valueRequired":true,"valueName":"search_term_string"}}],"inLanguage":"it-IT"},{"@type":"Organization","@id":"https:\/\/www.secretvillage.it\/blog\/#organization","name":"Secret Village","url":"https:\/\/www.secretvillage.it\/blog\/","logo":{"@type":"ImageObject","inLanguage":"it-IT","@id":"https:\/\/www.secretvillage.it\/blog\/#\/schema\/logo\/image\/","url":"https:\/\/www.secretvillage.it\/blog\/wp-content\/uploads\/2024\/03\/logo_secret_village_3.svg","contentUrl":"https:\/\/www.secretvillage.it\/blog\/wp-content\/uploads\/2024\/03\/logo_secret_village_3.svg","width":350,"height":350,"caption":"Secret Village"},"image":{"@id":"https:\/\/www.secretvillage.it\/blog\/#\/schema\/logo\/image\/"}},{"@type":"Person","@id":"https:\/\/www.secretvillage.it\/blog\/#\/schema\/person\/9f3e6ce7ab022e7474d37be9895cbab0","name":"Michele Di Mauro","image":{"@type":"ImageObject","inLanguage":"it-IT","@id":"https:\/\/www.secretvillage.it\/blog\/wp-content\/uploads\/2024\/03\/michele-di-mauro-fotografia-profilo-secret-village-150x150.jpg","url":"https:\/\/www.secretvillage.it\/blog\/wp-content\/uploads\/2024\/03\/michele-di-mauro-fotografia-profilo-secret-village-150x150.jpg","contentUrl":"https:\/\/www.secretvillage.it\/blog\/wp-content\/uploads\/2024\/03\/michele-di-mauro-fotografia-profilo-secret-village-150x150.jpg","caption":"Michele Di Mauro"},"description":"Michele Di Mauro nasce nel 1986 a Putignano, citt\u00e0 del sud-est barese, ed inizia sin dalla giovane et\u00e0 la sperimentazione fotografica, per poi farne oggetto di approfondimento etico e tecnico nel periodo universitario. Negli anni di studio che hanno condotto al conseguimento della laurea in Giurisprudenza e alla professione di consulente legale, comincia ad appassionarsi alle vicende storiche del Paese, iniziando a tracciarne i contorni mediante la fotografia e la scrittura. Fotografo di reportage, nel 2019 cura la scena di \u201cSolitudine e sete\u201d, mediometraggio del regista Fedele Dalessandro, per il quale diriger\u00e0 la fotografia e scatti di scena, tra 2021 e 2024, del film \u201c2020 \u2013 L\u2019ultima primavera\u201d. Dal 2022 \u00e8 nel progetto Secret Village, curandone i contenuti testuali, fotografici, e proseguendo la scrittura di articoli. Nel 2023 \u00e8 FIOF Italian Photography Ambassador, esponendo in Albania. Il 2024 \u00e8 dato alle stampe il libro fotografico \u201cDistanti. Scatti e frammenti di spiritualit\u00e0 in tempo di Covid\u201d, ed. VivereIn.","sameAs":["https:\/\/www.micheledimaurofotografia.it","https:\/\/www.instagram.com\/micheledimauro\/"],"url":"https:\/\/www.secretvillage.it\/blog\/autore\/michele\/"}]}},"_links":{"self":[{"href":"https:\/\/www.secretvillage.it\/blog\/wp-json\/wp\/v2\/posts\/1443","targetHints":{"allow":["GET"]}}],"collection":[{"href":"https:\/\/www.secretvillage.it\/blog\/wp-json\/wp\/v2\/posts"}],"about":[{"href":"https:\/\/www.secretvillage.it\/blog\/wp-json\/wp\/v2\/types\/post"}],"author":[{"embeddable":true,"href":"https:\/\/www.secretvillage.it\/blog\/wp-json\/wp\/v2\/users\/2"}],"replies":[{"embeddable":true,"href":"https:\/\/www.secretvillage.it\/blog\/wp-json\/wp\/v2\/comments?post=1443"}],"version-history":[{"count":1,"href":"https:\/\/www.secretvillage.it\/blog\/wp-json\/wp\/v2\/posts\/1443\/revisions"}],"predecessor-version":[{"id":1454,"href":"https:\/\/www.secretvillage.it\/blog\/wp-json\/wp\/v2\/posts\/1443\/revisions\/1454"}],"wp:featuredmedia":[{"embeddable":true,"href":"https:\/\/www.secretvillage.it\/blog\/wp-json\/wp\/v2\/media\/1445"}],"wp:attachment":[{"href":"https:\/\/www.secretvillage.it\/blog\/wp-json\/wp\/v2\/media?parent=1443"}],"wp:term":[{"taxonomy":"category","embeddable":true,"href":"https:\/\/www.secretvillage.it\/blog\/wp-json\/wp\/v2\/categories?post=1443"},{"taxonomy":"post_tag","embeddable":true,"href":"https:\/\/www.secretvillage.it\/blog\/wp-json\/wp\/v2\/tags?post=1443"}],"curies":[{"name":"wp","href":"https:\/\/api.w.org\/{rel}","templated":true}]}}