{"id":1201,"date":"2025-01-19T10:30:22","date_gmt":"2025-01-19T09:30:22","guid":{"rendered":"https:\/\/www.secretvillage.it\/blog\/?p=1201"},"modified":"2025-01-19T10:30:23","modified_gmt":"2025-01-19T09:30:23","slug":"capitale-cultura-2027-aliano-candidata","status":"publish","type":"post","link":"https:\/\/www.secretvillage.it\/blog\/attualita\/capitale-cultura-2027-aliano-candidata\/","title":{"rendered":"Capitale della Cultura 2027, Aliano candidata"},"content":{"rendered":"\n<p><strong>Capitale della Cultura 2027, <a href=\"https:\/\/www.secretvillage.it\/comuni\/aliano\" target=\"_blank\" rel=\"noreferrer noopener\">Aliano<\/a> candidata e scelta tra le dieci finaliste<\/strong>. Entro il 28 marzo 2025 si sapr\u00e0 quale dei centri italiani sar\u00e0 decretato vincitore e potr\u00e0 farsi promotore della cultura della Penisola; nell\u2019attesa della decisione ultima, la <strong>selezione del 17 gennaio 2025<\/strong> vede alcuni dei luoghi pi\u00f9 rappresentativi contendersi il titolo e presentare interessanti progetti per lo sviluppo e la valorizzazione del patrimonio.<\/p>\n\n\n\n<p>Le delegazioni delle citt\u00e0 saranno impegnate nelle <a href=\"https:\/\/cultura.gov.it\/comunicato\/27172\" target=\"_blank\" rel=\"noreferrer noopener nofollow\">pubbliche audizioni<\/a> che si terranno 25 e 26 febbraio, chiamate nel tempo di un\u2019ora ad esporre il proprio progetto, in funzione della valutazione.<br><strong>Alberobello<\/strong>, in Puglia, ha presentato \u201cPietramadre\u201d, <strong>Aliano<\/strong>, Basilicata, \u201cTerra dell\u2019Altrove\u201d, <strong>Brindisi<\/strong>, tornando in Puglia \u2013 e cos\u00ec Pure <strong>Gallipoli<\/strong> con \u201cLa bella tra terra e mare\u201d &#8211; ha promosso \u201cNavigare il futuro\u201d; <strong>La Spezia<\/strong>, Liguria, \u201cUna cultura come il mare\u201d, <strong>Pompei<\/strong>, in Campania, \u201cPompei Continuum\u201d, <strong>Pordenone<\/strong> (Friuli Venezia Giulia), \u201cPordenone 2027. Citt\u00e0 che sorprende\u201d, <strong>Reggio Calabria<\/strong> (dell\u2019omonima regione), \u201cCuore del Mediterraneo\u201d; <strong>Sant\u2019Andrea di Conza<\/strong>, ancora in Campania, \u201cIncontro tempo\u201d; <strong>Savona<\/strong>, nuovamente in Liguria, \u201cNuove rotte per la cultura\u201d.<\/p>\n\n\n\n<h2 class=\"wp-block-heading\" id=\"h-capitale-della-cultura-2027-aliano-candidata\">Capitale della Cultura 2027, Aliano candidata<\/h2>\n\n\n\n<p>\u201cQuesta piccola ma vibrante comunit\u00e0 rappresenta un esempio straordinario di come una realt\u00e0 locale possa diventare un faro culturale\u201d, queste le bellissime parole spese dall\u2019assessore regionale alla Salute e al PNRR <strong>Cosimo Latronico<\/strong>, che in un suo intervento ha affermato come i segnali della <strong>Basilicata<\/strong> siano tali da poter ritenere la stessa una terra attiva e propulsiva della cultura. <a href=\"https:\/\/www.regione.basilicata.it\/latronico-aliano-capitale-della-cultura\/\" target=\"_blank\" rel=\"noreferrer noopener nofollow\">Leggi qui<\/a> l\u2019intervento completo.<\/p>\n\n\n\n<p>La candidatura di Aliano a Capitale della Cultura 2027 era stata ufficializzata agli inizi dello scorso anno, in un evento organizzato all\u2019interno del Teatro Stabile di <a href=\"https:\/\/www.secretvillage.it\/comuni\/potenza\" target=\"_blank\" rel=\"noreferrer noopener\"><strong>Potenza<\/strong><\/a>. In questa sede, si discusse l\u2019ambiziosa iniziativa progettuale che prende il nome di \u201c<strong>Terra d\u2019Altrove<\/strong>\u201d, che mira a dare un modello di sviluppo, sulla base del turismo lento e culturale, che sia sostenibile e capillare.<br>L\u2019intento, infatti, \u00e8 quello di creare una distribuzione dei poli di attrazione, articolata su tutto il <a href=\"https:\/\/www.secretvillage.it\/luoghi\/dolomiti-lucane-parco-gallipoli-cognato\" target=\"_blank\" rel=\"noreferrer noopener\">territorio<\/a>, non solamente identificando, i poli stessi, con alcuni luoghi gi\u00e0 rinomati.<\/p>\n\n\n\n<h2 class=\"wp-block-heading\" id=\"h-aliano-tra-carlo-levi-e-i-calanchi\">Aliano, tra Carlo Levi e i Calanchi<\/h2>\n\n\n\n<p>Il <strong>borgo di Aliano<\/strong> \u00e8 un dedalo di brevi vie che si irraggiano scandite da <strong>architetture di antica memoria<\/strong>, un villaggio dall\u2019atmosfera medievaleggiante. Il paesello passa il suo importante vaglio per divenire Capitale della Cultura italiana 2027 nell\u2019anno di tre eventi legati allo scrittore che ha dato lustro al comune del <a href=\"https:\/\/www.secretvillage.it\/province\/matera\" target=\"_blank\" rel=\"noreferrer noopener\">materano<\/a>.<br>Il suo nome, infatti, \u00e8 parte di un binomio inscindibile con quello di <strong>Carlo Levi<\/strong>, lo scrittore ed artista di origine torinese che ne immortal\u00f2 la vita degli anni Trenta nel suo romanzo <strong>Cristo si \u00e8 fermato a Eboli<\/strong>.<\/p>\n\n\n\n<p>Ebbene, il 2025 \u00e8 l\u2019anno in cui si festeggiano le ottanta primavere della pubblicazione del libro, oltre ai novanta dal confino di Levi in <a href=\"https:\/\/www.secretvillage.it\/regioni\/basilicata\" target=\"_blank\" rel=\"noreferrer noopener\">Basilicata<\/a> (<a href=\"https:\/\/www.secretvillage.it\/comuni\/grassano\" target=\"_blank\" rel=\"noreferrer noopener\">Grassano<\/a> prima ed Aliano poi) ed ai cinquanta anni dalla sua morte. Il legame con la realt\u00e0 del <strong>Meridione<\/strong> \u00e8 tale che egli ad Aliano si fece seppellire. Qui il suo sguardo sensibile e di concreto acume colse un illuminato spaccato di vita della prima met\u00e0 del Novecento, ponendo lo sguardo sulla condizione popolare di isolamento tra i maestosi calanchi, si, ma di grande e <strong>dignitosa umanit\u00e0<\/strong>.<\/p>\n\n\n\n<h3 class=\"wp-block-heading\" id=\"h-la-candidatura-di-aliano-una-scelta-di-identita\">La candidatura di Aliano, una scelta di identit\u00e0<\/h3>\n\n\n\n<p><strong>Aliano<\/strong> \u00e8 senza dubbio una delle realt\u00e0 che maggiormente hanno conservato la propria identit\u00e0; in quest\u2019ottica, non sorprende che il borghetto sia stato accolto <strong>tra i paesi pi\u00f9 attraenti<\/strong> in lizza per aggiudicarsi il titolo. L\u2019abbondanza di tradizioni, la radicata connessione con il territorio e le prospettive future che vogliono il paesello protagonista della <strong>scena culturale<\/strong> con il progetto Terra dell\u2019Altrove, sono gi\u00e0 sigillo di qualit\u00e0. La conferma \u00e8 giunta con il passaggio della selezione alle <strong>dieci finaliste<\/strong> e che verrebbe sancito con l\u2019eventuale proclamazione di Aliano a <strong>Capitale della Cultura 2027<\/strong>.<\/p>\n\n\n\n<p>Scopri gli <a href=\"https:\/\/www.secretvillage.it\/blog\/autore\/michele\/\">articoli dell&#8217;Autore<\/a><br>Visita il <a href=\"https:\/\/www.micheledimaurofotografia.it\/\">sito dell&#8217;Autore<\/a><\/p>\n\n\n<style>.uid-80e0a09519d0cb5a  .gt3pg-isotope-item {\n\tpadding-right: 20px;\n\tpadding-bottom: 20px;\n}\n.uid-80e0a09519d0cb5a  .gallery-isotope-wrapper {\n\tmargin-right: -20px;\n\tmargin-bottom: -20px;\n}\n<\/style><div id=\"uid-80e0a09519d0cb5a\" data-gt3pg-block=\"grid\" data-index=\"1\" class=\"gt3-photo-gallery-pro--isotope_gallery uid-80e0a09519d0cb5a gt3pg-pro--wrapper gt3pg-pro--grid \">\t\t<div data-cols=\"1\" data-cols-tablet=\"1\" data-cols-mobile=\"1\" class=\"gt3pg-isotope-gallery columns-1 hover-default gallery-grid  corner-standard rectangle-3x2\" data-settings=\"{&quot;id&quot;:1,&quot;uid&quot;:&quot;uid-80e0a09519d0cb5a&quot;,&quot;grid_type&quot;:&quot;rectangle-3x2&quot;,&quot;modules&quot;:[&quot;Lightbox&quot;],&quot;lightboxArray&quot;:[{&quot;href&quot;:&quot;https:\\\/\\\/www.secretvillage.it\\\/blog\\\/wp-content\\\/uploads\\\/2025\\\/01\\\/aliano-matera-capitale-cultura-2027-michele-di-mauro-fotografia.jpg&quot;,&quot;title&quot;:&quot;Aliano, Basilicata Foto: Michele Di Mauro&quot;,&quot;thumbnail&quot;:&quot;https:\\\/\\\/www.secretvillage.it\\\/blog\\\/wp-content\\\/uploads\\\/2025\\\/01\\\/aliano-matera-capitale-cultura-2027-michele-di-mauro-fotografia-150x150.jpg&quot;,&quot;description&quot;:&quot;Aliano, Basilicata\\nFoto: Michele Di Mauro&quot;,&quot;is_video&quot;:0,&quot;image_id&quot;:1205,&quot;width&quot;:2000,&quot;height&quot;:1333}],&quot;lightbox&quot;:{&quot;enable&quot;:true,&quot;options&quot;:{&quot;instance&quot;:1}},&quot;items&quot;:[{&quot;href&quot;:&quot;https:\\\/\\\/www.secretvillage.it\\\/blog\\\/wp-content\\\/uploads\\\/2025\\\/01\\\/aliano-matera-capitale-cultura-2027-michele-di-mauro-fotografia.jpg&quot;,&quot;title&quot;:&quot;Aliano, Basilicata Foto: Michele Di Mauro&quot;,&quot;thumbnail&quot;:&quot;https:\\\/\\\/www.secretvillage.it\\\/blog\\\/wp-content\\\/uploads\\\/2025\\\/01\\\/aliano-matera-capitale-cultura-2027-michele-di-mauro-fotografia-150x150.jpg&quot;,&quot;description&quot;:&quot;Aliano, Basilicata\\nFoto: Michele Di Mauro&quot;,&quot;is_video&quot;:0,&quot;image_id&quot;:1205,&quot;width&quot;:2000,&quot;height&quot;:1333}]}\">\r\n\t\t\t<div class=\"gallery-isotope-wrapper\">\r\n\t\t\t\t<div class=\"gt3pg-isotope-item loading \"  title=\"Aliano, Basilicata Foto: Michele Di Mauro\"><div class=\"isotope_item-wrapper\"><a href=\"https:\/\/www.secretvillage.it\/blog\/wp-content\/uploads\/2025\/01\/aliano-matera-capitale-cultura-2027-michele-di-mauro-fotografia-768x512.jpg\" class=\"gt3pg-lightbox\" data-elementor-open-lightbox=\"no\"><div class=\"img-wrapper has_text_info\"><img fetchpriority=\"high\" decoding=\"async\" width=\"768\" height=\"512\" src=\"https:\/\/www.secretvillage.it\/blog\/wp-content\/uploads\/2025\/01\/aliano-matera-capitale-cultura-2027-michele-di-mauro-fotografia-768x512.jpg\" class=\"skip-lazy gt3-lazy-image\" alt=\"Aliano, Basilicata Foto: Michele Di Mauro\" data-lazy-srcset=\"https:\/\/www.secretvillage.it\/blog\/wp-content\/uploads\/2025\/01\/aliano-matera-capitale-cultura-2027-michele-di-mauro-fotografia-768x512.jpg 768w, https:\/\/www.secretvillage.it\/blog\/wp-content\/uploads\/2025\/01\/aliano-matera-capitale-cultura-2027-michele-di-mauro-fotografia-300x200.jpg 300w\" data-lazy-sizes=\"(max-width: 768px) 100vw, 768px\" data-lazy-src=\"https:\/\/www.secretvillage.it\/blog\/wp-content\/uploads\/2025\/01\/aliano-matera-capitale-cultura-2027-michele-di-mauro-fotografia-768x512.jpg?is-pending-load=1\" srcset=\"data:image\/png;base64,iVBORw0KGgoAAAANSUhEUgAAAE0AAAAzCAYAAADSIYUBAAAACXBIWXMAAA7EAAAOxAGVKw4bAAAAJklEQVRo3u3BgQAAAADDoPlTX+AIVQEAAAAAAAAAAAAAAAAAAHAMPY8AAQeL\/AcAAAAASUVORK5CYII=\" \/><\/div><\/a><\/div><div class=\"text_info_wrapper\"><div class=\"text_wrap_title\"><span class=\"title\">Aliano, Basilicata Foto: Michele Di Mauro<\/span><\/div><\/div><\/div>\t\t\t<\/div>\r\n\t\t<\/div>\r\n\t\t<script type=\"application\/json\" id=\"settings--uid-80e0a09519d0cb5a\">{\"id\":1,\"uid\":\"uid-80e0a09519d0cb5a\",\"grid_type\":\"rectangle-3x2\",\"modules\":[\"Lightbox\"],\"lightboxArray\":[{\"href\":\"https:\\\/\\\/www.secretvillage.it\\\/blog\\\/wp-content\\\/uploads\\\/2025\\\/01\\\/aliano-matera-capitale-cultura-2027-michele-di-mauro-fotografia.jpg\",\"title\":\"Aliano, Basilicata Foto: Michele Di Mauro\",\"thumbnail\":\"https:\\\/\\\/www.secretvillage.it\\\/blog\\\/wp-content\\\/uploads\\\/2025\\\/01\\\/aliano-matera-capitale-cultura-2027-michele-di-mauro-fotografia-150x150.jpg\",\"description\":\"Aliano, Basilicata\\nFoto: Michele Di Mauro\",\"is_video\":0,\"image_id\":1205,\"width\":2000,\"height\":1333}],\"lightbox\":{\"enable\":true,\"options\":{\"instance\":1}},\"items\":[{\"href\":\"https:\\\/\\\/www.secretvillage.it\\\/blog\\\/wp-content\\\/uploads\\\/2025\\\/01\\\/aliano-matera-capitale-cultura-2027-michele-di-mauro-fotografia.jpg\",\"title\":\"Aliano, Basilicata Foto: Michele Di Mauro\",\"thumbnail\":\"https:\\\/\\\/www.secretvillage.it\\\/blog\\\/wp-content\\\/uploads\\\/2025\\\/01\\\/aliano-matera-capitale-cultura-2027-michele-di-mauro-fotografia-150x150.jpg\",\"description\":\"Aliano, Basilicata\\nFoto: Michele Di Mauro\",\"is_video\":0,\"image_id\":1205,\"width\":2000,\"height\":1333}]}<\/script>\r\n\t\t<\/div>","protected":false},"excerpt":{"rendered":"<p>Aliano tra le dieci finaliste candidate al titolo di Capitale della Cultura 2027. Dopo la prima selezione del 17 gennaio, le audizioni si terranno 25 e 26 febbraio 2025. Il vincitore sar\u00e0 proclamato entro il 28 marzo.<\/p>\n","protected":false},"author":2,"featured_media":1204,"comment_status":"open","ping_status":"open","sticky":false,"template":"","format":"standard","meta":{"inline_featured_image":false,"footnotes":""},"categories":[22,48],"tags":[27,43,57,21],"class_list":["post-1201","post","type-post","status-publish","format-standard","has-post-thumbnail","hentry","category-attualita","category-cultura","tag-attualita","tag-basilicata","tag-cultura","tag-michele-di-mauro"],"yoast_head":"<!-- This site is optimized with the Yoast SEO Premium plugin v22.3 (Yoast SEO v27.5) - https:\/\/yoast.com\/product\/yoast-seo-premium-wordpress\/ -->\n<title>Capitale della Cultura 2027, Aliano candidata - Secret Village<\/title>\n<meta name=\"description\" content=\"Capitale della Cultura 2027, Aliano candidata e scelta tra le dieci finaliste. Il progetto Terra d&#039;Altrove, cultura in Basilicata.\" \/>\n<meta name=\"robots\" content=\"index, follow, max-snippet:-1, max-image-preview:large, max-video-preview:-1\" \/>\n<link rel=\"canonical\" href=\"https:\/\/www.secretvillage.it\/blog\/attualita\/capitale-cultura-2027-aliano-candidata\/\" \/>\n<meta property=\"og:locale\" content=\"it_IT\" \/>\n<meta property=\"og:type\" content=\"article\" \/>\n<meta property=\"og:title\" content=\"Capitale della Cultura 2027, Aliano candidata\" \/>\n<meta property=\"og:description\" content=\"Capitale della Cultura 2027, Aliano candidata e scelta tra le dieci finaliste. Il progetto Terra d&#039;Altrove, cultura in Basilicata.\" \/>\n<meta property=\"og:url\" content=\"https:\/\/www.secretvillage.it\/blog\/attualita\/capitale-cultura-2027-aliano-candidata\/\" \/>\n<meta property=\"og:site_name\" content=\"Secret Village\" \/>\n<meta property=\"article:published_time\" content=\"2025-01-19T09:30:22+00:00\" \/>\n<meta property=\"article:modified_time\" content=\"2025-01-19T09:30:23+00:00\" \/>\n<meta property=\"og:image\" content=\"https:\/\/www.secretvillage.it\/blog\/wp-content\/uploads\/2025\/01\/capitale-cultura-2027-aliano-candidata.jpg\" \/>\n\t<meta property=\"og:image:width\" content=\"1024\" \/>\n\t<meta property=\"og:image:height\" content=\"576\" \/>\n\t<meta property=\"og:image:type\" content=\"image\/jpeg\" \/>\n<meta name=\"author\" content=\"Michele Di Mauro\" \/>\n<meta name=\"twitter:card\" content=\"summary_large_image\" \/>\n<meta name=\"twitter:label1\" content=\"Scritto da\" \/>\n\t<meta name=\"twitter:data1\" content=\"Michele Di Mauro\" \/>\n\t<meta name=\"twitter:label2\" content=\"Tempo di lettura stimato\" \/>\n\t<meta name=\"twitter:data2\" content=\"4 minuti\" \/>\n<script type=\"application\/ld+json\" class=\"yoast-schema-graph\">{\"@context\":\"https:\\\/\\\/schema.org\",\"@graph\":[{\"@type\":\"Article\",\"@id\":\"https:\\\/\\\/www.secretvillage.it\\\/blog\\\/attualita\\\/capitale-cultura-2027-aliano-candidata\\\/#article\",\"isPartOf\":{\"@id\":\"https:\\\/\\\/www.secretvillage.it\\\/blog\\\/attualita\\\/capitale-cultura-2027-aliano-candidata\\\/\"},\"author\":{\"name\":\"Michele Di Mauro\",\"@id\":\"https:\\\/\\\/www.secretvillage.it\\\/blog\\\/#\\\/schema\\\/person\\\/9f3e6ce7ab022e7474d37be9895cbab0\"},\"headline\":\"Capitale della Cultura 2027, Aliano candidata\",\"datePublished\":\"2025-01-19T09:30:22+00:00\",\"dateModified\":\"2025-01-19T09:30:23+00:00\",\"mainEntityOfPage\":{\"@id\":\"https:\\\/\\\/www.secretvillage.it\\\/blog\\\/attualita\\\/capitale-cultura-2027-aliano-candidata\\\/\"},\"wordCount\":633,\"commentCount\":0,\"publisher\":{\"@id\":\"https:\\\/\\\/www.secretvillage.it\\\/blog\\\/#organization\"},\"image\":{\"@id\":\"https:\\\/\\\/www.secretvillage.it\\\/blog\\\/attualita\\\/capitale-cultura-2027-aliano-candidata\\\/#primaryimage\"},\"thumbnailUrl\":\"https:\\\/\\\/www.secretvillage.it\\\/blog\\\/wp-content\\\/uploads\\\/2025\\\/01\\\/capitale-cultura-2027-aliano-candidata.jpg\",\"keywords\":[\"attualit\u00e0\",\"basilicata\",\"cultura\",\"michele di mauro\"],\"articleSection\":[\"Attualit\u00e0\",\"Cultura\"],\"inLanguage\":\"it-IT\",\"potentialAction\":[{\"@type\":\"CommentAction\",\"name\":\"Comment\",\"target\":[\"https:\\\/\\\/www.secretvillage.it\\\/blog\\\/attualita\\\/capitale-cultura-2027-aliano-candidata\\\/#respond\"]}],\"copyrightYear\":\"2025\",\"copyrightHolder\":{\"@id\":\"https:\\\/\\\/www.secretvillage.it\\\/blog\\\/#organization\"}},{\"@type\":\"WebPage\",\"@id\":\"https:\\\/\\\/www.secretvillage.it\\\/blog\\\/attualita\\\/capitale-cultura-2027-aliano-candidata\\\/\",\"url\":\"https:\\\/\\\/www.secretvillage.it\\\/blog\\\/attualita\\\/capitale-cultura-2027-aliano-candidata\\\/\",\"name\":\"Capitale della Cultura 2027, Aliano candidata - Secret Village\",\"isPartOf\":{\"@id\":\"https:\\\/\\\/www.secretvillage.it\\\/blog\\\/#website\"},\"primaryImageOfPage\":{\"@id\":\"https:\\\/\\\/www.secretvillage.it\\\/blog\\\/attualita\\\/capitale-cultura-2027-aliano-candidata\\\/#primaryimage\"},\"image\":{\"@id\":\"https:\\\/\\\/www.secretvillage.it\\\/blog\\\/attualita\\\/capitale-cultura-2027-aliano-candidata\\\/#primaryimage\"},\"thumbnailUrl\":\"https:\\\/\\\/www.secretvillage.it\\\/blog\\\/wp-content\\\/uploads\\\/2025\\\/01\\\/capitale-cultura-2027-aliano-candidata.jpg\",\"datePublished\":\"2025-01-19T09:30:22+00:00\",\"dateModified\":\"2025-01-19T09:30:23+00:00\",\"description\":\"Capitale della Cultura 2027, Aliano candidata e scelta tra le dieci finaliste. Il progetto Terra d'Altrove, cultura in Basilicata.\",\"breadcrumb\":{\"@id\":\"https:\\\/\\\/www.secretvillage.it\\\/blog\\\/attualita\\\/capitale-cultura-2027-aliano-candidata\\\/#breadcrumb\"},\"inLanguage\":\"it-IT\",\"potentialAction\":[{\"@type\":\"ReadAction\",\"target\":[\"https:\\\/\\\/www.secretvillage.it\\\/blog\\\/attualita\\\/capitale-cultura-2027-aliano-candidata\\\/\"]}]},{\"@type\":\"ImageObject\",\"inLanguage\":\"it-IT\",\"@id\":\"https:\\\/\\\/www.secretvillage.it\\\/blog\\\/attualita\\\/capitale-cultura-2027-aliano-candidata\\\/#primaryimage\",\"url\":\"https:\\\/\\\/www.secretvillage.it\\\/blog\\\/wp-content\\\/uploads\\\/2025\\\/01\\\/capitale-cultura-2027-aliano-candidata.jpg\",\"contentUrl\":\"https:\\\/\\\/www.secretvillage.it\\\/blog\\\/wp-content\\\/uploads\\\/2025\\\/01\\\/capitale-cultura-2027-aliano-candidata.jpg\",\"width\":1024,\"height\":576,\"caption\":\"Aliano candidata a Capitale della Cultura 2027\"},{\"@type\":\"BreadcrumbList\",\"@id\":\"https:\\\/\\\/www.secretvillage.it\\\/blog\\\/attualita\\\/capitale-cultura-2027-aliano-candidata\\\/#breadcrumb\",\"itemListElement\":[{\"@type\":\"ListItem\",\"position\":1,\"name\":\"Home\",\"item\":\"https:\\\/\\\/www.secretvillage.it\\\/blog\\\/\"},{\"@type\":\"ListItem\",\"position\":2,\"name\":\"Capitale della Cultura 2027, Aliano candidata\"}]},{\"@type\":\"WebSite\",\"@id\":\"https:\\\/\\\/www.secretvillage.it\\\/blog\\\/#website\",\"url\":\"https:\\\/\\\/www.secretvillage.it\\\/blog\\\/\",\"name\":\"Secret Village\",\"description\":\"L&#039;Italia che non ti aspetti\",\"publisher\":{\"@id\":\"https:\\\/\\\/www.secretvillage.it\\\/blog\\\/#organization\"},\"potentialAction\":[{\"@type\":\"SearchAction\",\"target\":{\"@type\":\"EntryPoint\",\"urlTemplate\":\"https:\\\/\\\/www.secretvillage.it\\\/blog\\\/?s={search_term_string}\"},\"query-input\":{\"@type\":\"PropertyValueSpecification\",\"valueRequired\":true,\"valueName\":\"search_term_string\"}}],\"inLanguage\":\"it-IT\"},{\"@type\":\"Organization\",\"@id\":\"https:\\\/\\\/www.secretvillage.it\\\/blog\\\/#organization\",\"name\":\"Secret Village\",\"url\":\"https:\\\/\\\/www.secretvillage.it\\\/blog\\\/\",\"logo\":{\"@type\":\"ImageObject\",\"inLanguage\":\"it-IT\",\"@id\":\"https:\\\/\\\/www.secretvillage.it\\\/blog\\\/#\\\/schema\\\/logo\\\/image\\\/\",\"url\":\"https:\\\/\\\/www.secretvillage.it\\\/blog\\\/wp-content\\\/uploads\\\/2024\\\/03\\\/logo_secret_village_3.svg\",\"contentUrl\":\"https:\\\/\\\/www.secretvillage.it\\\/blog\\\/wp-content\\\/uploads\\\/2024\\\/03\\\/logo_secret_village_3.svg\",\"width\":350,\"height\":350,\"caption\":\"Secret Village\"},\"image\":{\"@id\":\"https:\\\/\\\/www.secretvillage.it\\\/blog\\\/#\\\/schema\\\/logo\\\/image\\\/\"}},{\"@type\":\"Person\",\"@id\":\"https:\\\/\\\/www.secretvillage.it\\\/blog\\\/#\\\/schema\\\/person\\\/9f3e6ce7ab022e7474d37be9895cbab0\",\"name\":\"Michele Di Mauro\",\"image\":{\"@type\":\"ImageObject\",\"inLanguage\":\"it-IT\",\"@id\":\"https:\\\/\\\/www.secretvillage.it\\\/blog\\\/wp-content\\\/uploads\\\/2024\\\/03\\\/michele-di-mauro-fotografia-profilo-secret-village-150x150.jpg\",\"url\":\"https:\\\/\\\/www.secretvillage.it\\\/blog\\\/wp-content\\\/uploads\\\/2024\\\/03\\\/michele-di-mauro-fotografia-profilo-secret-village-150x150.jpg\",\"contentUrl\":\"https:\\\/\\\/www.secretvillage.it\\\/blog\\\/wp-content\\\/uploads\\\/2024\\\/03\\\/michele-di-mauro-fotografia-profilo-secret-village-150x150.jpg\",\"caption\":\"Michele Di Mauro\"},\"description\":\"Michele Di Mauro nasce nel 1986 a Putignano, citt\u00e0 del sud-est barese, ed inizia sin dalla giovane et\u00e0 la sperimentazione fotografica, per poi farne oggetto di approfondimento etico e tecnico nel periodo universitario. Negli anni di studio che hanno condotto al conseguimento della laurea in Giurisprudenza e alla professione di consulente legale, comincia ad appassionarsi alle vicende storiche del Paese, iniziando a tracciarne i contorni mediante la fotografia e la scrittura. Fotografo di reportage, nel 2019 cura la scena di \u201cSolitudine e sete\u201d, mediometraggio del regista Fedele Dalessandro, per il quale diriger\u00e0 la fotografia e scatti di scena, tra 2021 e 2024, del film \u201c2020 \u2013 L\u2019ultima primavera\u201d. Dal 2022 \u00e8 nel progetto Secret Village, curandone i contenuti testuali, fotografici, e proseguendo la scrittura di articoli. Nel 2023 \u00e8 FIOF Italian Photography Ambassador, esponendo in Albania. Il 2024 \u00e8 dato alle stampe il libro fotografico \u201cDistanti. Scatti e frammenti di spiritualit\u00e0 in tempo di Covid\u201d, ed. VivereIn.\",\"sameAs\":[\"https:\\\/\\\/www.micheledimaurofotografia.it\",\"https:\\\/\\\/www.instagram.com\\\/micheledimauro\\\/\"],\"url\":\"https:\\\/\\\/www.secretvillage.it\\\/blog\\\/autore\\\/michele\\\/\"}]}<\/script>\n<!-- \/ Yoast SEO Premium plugin. -->","yoast_head_json":{"title":"Capitale della Cultura 2027, Aliano candidata - Secret Village","description":"Capitale della Cultura 2027, Aliano candidata e scelta tra le dieci finaliste. Il progetto Terra d'Altrove, cultura in Basilicata.","robots":{"index":"index","follow":"follow","max-snippet":"max-snippet:-1","max-image-preview":"max-image-preview:large","max-video-preview":"max-video-preview:-1"},"canonical":"https:\/\/www.secretvillage.it\/blog\/attualita\/capitale-cultura-2027-aliano-candidata\/","og_locale":"it_IT","og_type":"article","og_title":"Capitale della Cultura 2027, Aliano candidata","og_description":"Capitale della Cultura 2027, Aliano candidata e scelta tra le dieci finaliste. Il progetto Terra d'Altrove, cultura in Basilicata.","og_url":"https:\/\/www.secretvillage.it\/blog\/attualita\/capitale-cultura-2027-aliano-candidata\/","og_site_name":"Secret Village","article_published_time":"2025-01-19T09:30:22+00:00","article_modified_time":"2025-01-19T09:30:23+00:00","og_image":[{"width":1024,"height":576,"url":"https:\/\/www.secretvillage.it\/blog\/wp-content\/uploads\/2025\/01\/capitale-cultura-2027-aliano-candidata.jpg","type":"image\/jpeg"}],"author":"Michele Di Mauro","twitter_card":"summary_large_image","twitter_misc":{"Scritto da":"Michele Di Mauro","Tempo di lettura stimato":"4 minuti"},"schema":{"@context":"https:\/\/schema.org","@graph":[{"@type":"Article","@id":"https:\/\/www.secretvillage.it\/blog\/attualita\/capitale-cultura-2027-aliano-candidata\/#article","isPartOf":{"@id":"https:\/\/www.secretvillage.it\/blog\/attualita\/capitale-cultura-2027-aliano-candidata\/"},"author":{"name":"Michele Di Mauro","@id":"https:\/\/www.secretvillage.it\/blog\/#\/schema\/person\/9f3e6ce7ab022e7474d37be9895cbab0"},"headline":"Capitale della Cultura 2027, Aliano candidata","datePublished":"2025-01-19T09:30:22+00:00","dateModified":"2025-01-19T09:30:23+00:00","mainEntityOfPage":{"@id":"https:\/\/www.secretvillage.it\/blog\/attualita\/capitale-cultura-2027-aliano-candidata\/"},"wordCount":633,"commentCount":0,"publisher":{"@id":"https:\/\/www.secretvillage.it\/blog\/#organization"},"image":{"@id":"https:\/\/www.secretvillage.it\/blog\/attualita\/capitale-cultura-2027-aliano-candidata\/#primaryimage"},"thumbnailUrl":"https:\/\/www.secretvillage.it\/blog\/wp-content\/uploads\/2025\/01\/capitale-cultura-2027-aliano-candidata.jpg","keywords":["attualit\u00e0","basilicata","cultura","michele di mauro"],"articleSection":["Attualit\u00e0","Cultura"],"inLanguage":"it-IT","potentialAction":[{"@type":"CommentAction","name":"Comment","target":["https:\/\/www.secretvillage.it\/blog\/attualita\/capitale-cultura-2027-aliano-candidata\/#respond"]}],"copyrightYear":"2025","copyrightHolder":{"@id":"https:\/\/www.secretvillage.it\/blog\/#organization"}},{"@type":"WebPage","@id":"https:\/\/www.secretvillage.it\/blog\/attualita\/capitale-cultura-2027-aliano-candidata\/","url":"https:\/\/www.secretvillage.it\/blog\/attualita\/capitale-cultura-2027-aliano-candidata\/","name":"Capitale della Cultura 2027, Aliano candidata - Secret Village","isPartOf":{"@id":"https:\/\/www.secretvillage.it\/blog\/#website"},"primaryImageOfPage":{"@id":"https:\/\/www.secretvillage.it\/blog\/attualita\/capitale-cultura-2027-aliano-candidata\/#primaryimage"},"image":{"@id":"https:\/\/www.secretvillage.it\/blog\/attualita\/capitale-cultura-2027-aliano-candidata\/#primaryimage"},"thumbnailUrl":"https:\/\/www.secretvillage.it\/blog\/wp-content\/uploads\/2025\/01\/capitale-cultura-2027-aliano-candidata.jpg","datePublished":"2025-01-19T09:30:22+00:00","dateModified":"2025-01-19T09:30:23+00:00","description":"Capitale della Cultura 2027, Aliano candidata e scelta tra le dieci finaliste. Il progetto Terra d'Altrove, cultura in Basilicata.","breadcrumb":{"@id":"https:\/\/www.secretvillage.it\/blog\/attualita\/capitale-cultura-2027-aliano-candidata\/#breadcrumb"},"inLanguage":"it-IT","potentialAction":[{"@type":"ReadAction","target":["https:\/\/www.secretvillage.it\/blog\/attualita\/capitale-cultura-2027-aliano-candidata\/"]}]},{"@type":"ImageObject","inLanguage":"it-IT","@id":"https:\/\/www.secretvillage.it\/blog\/attualita\/capitale-cultura-2027-aliano-candidata\/#primaryimage","url":"https:\/\/www.secretvillage.it\/blog\/wp-content\/uploads\/2025\/01\/capitale-cultura-2027-aliano-candidata.jpg","contentUrl":"https:\/\/www.secretvillage.it\/blog\/wp-content\/uploads\/2025\/01\/capitale-cultura-2027-aliano-candidata.jpg","width":1024,"height":576,"caption":"Aliano candidata a Capitale della Cultura 2027"},{"@type":"BreadcrumbList","@id":"https:\/\/www.secretvillage.it\/blog\/attualita\/capitale-cultura-2027-aliano-candidata\/#breadcrumb","itemListElement":[{"@type":"ListItem","position":1,"name":"Home","item":"https:\/\/www.secretvillage.it\/blog\/"},{"@type":"ListItem","position":2,"name":"Capitale della Cultura 2027, Aliano candidata"}]},{"@type":"WebSite","@id":"https:\/\/www.secretvillage.it\/blog\/#website","url":"https:\/\/www.secretvillage.it\/blog\/","name":"Secret Village","description":"L&#039;Italia che non ti aspetti","publisher":{"@id":"https:\/\/www.secretvillage.it\/blog\/#organization"},"potentialAction":[{"@type":"SearchAction","target":{"@type":"EntryPoint","urlTemplate":"https:\/\/www.secretvillage.it\/blog\/?s={search_term_string}"},"query-input":{"@type":"PropertyValueSpecification","valueRequired":true,"valueName":"search_term_string"}}],"inLanguage":"it-IT"},{"@type":"Organization","@id":"https:\/\/www.secretvillage.it\/blog\/#organization","name":"Secret Village","url":"https:\/\/www.secretvillage.it\/blog\/","logo":{"@type":"ImageObject","inLanguage":"it-IT","@id":"https:\/\/www.secretvillage.it\/blog\/#\/schema\/logo\/image\/","url":"https:\/\/www.secretvillage.it\/blog\/wp-content\/uploads\/2024\/03\/logo_secret_village_3.svg","contentUrl":"https:\/\/www.secretvillage.it\/blog\/wp-content\/uploads\/2024\/03\/logo_secret_village_3.svg","width":350,"height":350,"caption":"Secret Village"},"image":{"@id":"https:\/\/www.secretvillage.it\/blog\/#\/schema\/logo\/image\/"}},{"@type":"Person","@id":"https:\/\/www.secretvillage.it\/blog\/#\/schema\/person\/9f3e6ce7ab022e7474d37be9895cbab0","name":"Michele Di Mauro","image":{"@type":"ImageObject","inLanguage":"it-IT","@id":"https:\/\/www.secretvillage.it\/blog\/wp-content\/uploads\/2024\/03\/michele-di-mauro-fotografia-profilo-secret-village-150x150.jpg","url":"https:\/\/www.secretvillage.it\/blog\/wp-content\/uploads\/2024\/03\/michele-di-mauro-fotografia-profilo-secret-village-150x150.jpg","contentUrl":"https:\/\/www.secretvillage.it\/blog\/wp-content\/uploads\/2024\/03\/michele-di-mauro-fotografia-profilo-secret-village-150x150.jpg","caption":"Michele Di Mauro"},"description":"Michele Di Mauro nasce nel 1986 a Putignano, citt\u00e0 del sud-est barese, ed inizia sin dalla giovane et\u00e0 la sperimentazione fotografica, per poi farne oggetto di approfondimento etico e tecnico nel periodo universitario. Negli anni di studio che hanno condotto al conseguimento della laurea in Giurisprudenza e alla professione di consulente legale, comincia ad appassionarsi alle vicende storiche del Paese, iniziando a tracciarne i contorni mediante la fotografia e la scrittura. Fotografo di reportage, nel 2019 cura la scena di \u201cSolitudine e sete\u201d, mediometraggio del regista Fedele Dalessandro, per il quale diriger\u00e0 la fotografia e scatti di scena, tra 2021 e 2024, del film \u201c2020 \u2013 L\u2019ultima primavera\u201d. Dal 2022 \u00e8 nel progetto Secret Village, curandone i contenuti testuali, fotografici, e proseguendo la scrittura di articoli. Nel 2023 \u00e8 FIOF Italian Photography Ambassador, esponendo in Albania. Il 2024 \u00e8 dato alle stampe il libro fotografico \u201cDistanti. Scatti e frammenti di spiritualit\u00e0 in tempo di Covid\u201d, ed. VivereIn.","sameAs":["https:\/\/www.micheledimaurofotografia.it","https:\/\/www.instagram.com\/micheledimauro\/"],"url":"https:\/\/www.secretvillage.it\/blog\/autore\/michele\/"}]}},"_links":{"self":[{"href":"https:\/\/www.secretvillage.it\/blog\/wp-json\/wp\/v2\/posts\/1201","targetHints":{"allow":["GET"]}}],"collection":[{"href":"https:\/\/www.secretvillage.it\/blog\/wp-json\/wp\/v2\/posts"}],"about":[{"href":"https:\/\/www.secretvillage.it\/blog\/wp-json\/wp\/v2\/types\/post"}],"author":[{"embeddable":true,"href":"https:\/\/www.secretvillage.it\/blog\/wp-json\/wp\/v2\/users\/2"}],"replies":[{"embeddable":true,"href":"https:\/\/www.secretvillage.it\/blog\/wp-json\/wp\/v2\/comments?post=1201"}],"version-history":[{"count":2,"href":"https:\/\/www.secretvillage.it\/blog\/wp-json\/wp\/v2\/posts\/1201\/revisions"}],"predecessor-version":[{"id":1206,"href":"https:\/\/www.secretvillage.it\/blog\/wp-json\/wp\/v2\/posts\/1201\/revisions\/1206"}],"wp:featuredmedia":[{"embeddable":true,"href":"https:\/\/www.secretvillage.it\/blog\/wp-json\/wp\/v2\/media\/1204"}],"wp:attachment":[{"href":"https:\/\/www.secretvillage.it\/blog\/wp-json\/wp\/v2\/media?parent=1201"}],"wp:term":[{"taxonomy":"category","embeddable":true,"href":"https:\/\/www.secretvillage.it\/blog\/wp-json\/wp\/v2\/categories?post=1201"},{"taxonomy":"post_tag","embeddable":true,"href":"https:\/\/www.secretvillage.it\/blog\/wp-json\/wp\/v2\/tags?post=1201"}],"curies":[{"name":"wp","href":"https:\/\/api.w.org\/{rel}","templated":true}]}}